{"id":12807,"date":"2015-03-02T14:29:51","date_gmt":"2015-03-02T14:29:51","guid":{"rendered":"https:\/\/archivioturi.lavocedelpaese.info\/index.php\/2015\/03\/02\/la-parrocchia-maria-ss-ausiliatrice-sulla-via-di-san-francesco\/"},"modified":"2015-03-02T14:29:51","modified_gmt":"2015-03-02T14:29:51","slug":"la-parrocchia-maria-ss-ausiliatrice-sulla-via-di-san-francesco","status":"publish","type":"post","link":"https:\/\/archivioturi.lavocedelpaese.info\/index.php\/2015\/03\/02\/la-parrocchia-maria-ss-ausiliatrice-sulla-via-di-san-francesco\/","title":{"rendered":"La Parrocchia Maria SS. Ausiliatrice sulla via di San Francesco"},"content":{"rendered":"<p><img loading=\"lazy\" decoding=\"async\" src=\"https:\/\/farm9.staticflickr.com\/8581\/16064785243_59c9d1ae40_n.jpg\" width=\"320\" height=\"240\" alt=\"Il gruppo al completo\" \/><\/p>\n<p style=\"text-align: justify;\">&#8220;Cominciate col fare ci\u00f2 che \u00e8 necessario, poi ci\u00f2 che \u00e8 possibile. E all&#8217;improvviso vi sorprenderete a fare l&#8217;impossibile&#8221;. \u00c8 con questa riflessione di San Francesco d&#8217;Assisi che circa settanta pellegrini hanno vissuto, nelle giornate di venerd\u00ec 20e sabato 21febbraio, un percorso di preghhiera e di riflessione presso Assisi, Gubbio e Norcia. Da Assisi, attraverso la storia dei luoghi che hanno visto le opere di San Francesco e Santa Chiara, la loro nascita e la loro santit\u00e0, una tappa a Gubbio, dove don Ciccio ha celebrato la Santa messa presso la Basilica di Sant&#8217;Ubaldo. <br \/>Partiti da Turi nella tarda serata di gioved\u00ec 19, la Parrocchia Maria SS. Ausiliatrice ha ripercorso le vie che diedero i natali a San Francesco e Santa Chiara, approfittando del tiepido sole che ha scaldato il percorso dei fedeli. Con l&#8217;attenta presenza di Don Ciccio Aversa, i parrocchiani hanno visitato le cittadine umbre, pregando presso la Chiesa di San Francesco e chiudendo la breve trasferta di pellegrinaggio presso la citt\u00e0 di Norcia.<\/p>\n","protected":false},"excerpt":{"rendered":"<p><img loading=\"lazy\" decoding=\"async\" src=\"https:\/\/farm9.staticflickr.com\/8581\/16064785243_59c9d1ae40_n.jpg\" width=\"320\" height=\"240\" alt=\"Il gruppo al completo\" \/><\/p>\n","protected":false},"author":1,"featured_media":0,"comment_status":"open","ping_status":"closed","sticky":false,"template":"","format":"standard","meta":{"colormag_page_container_layout":"default_layout","colormag_page_sidebar_layout":"default_layout","footnotes":""},"categories":[7],"tags":[],"class_list":["post-12807","post","type-post","status-publish","format-standard","hentry","category-attualita"],"_links":{"self":[{"href":"https:\/\/archivioturi.lavocedelpaese.info\/index.php\/wp-json\/wp\/v2\/posts\/12807","targetHints":{"allow":["GET"]}}],"collection":[{"href":"https:\/\/archivioturi.lavocedelpaese.info\/index.php\/wp-json\/wp\/v2\/posts"}],"about":[{"href":"https:\/\/archivioturi.lavocedelpaese.info\/index.php\/wp-json\/wp\/v2\/types\/post"}],"author":[{"embeddable":true,"href":"https:\/\/archivioturi.lavocedelpaese.info\/index.php\/wp-json\/wp\/v2\/users\/1"}],"replies":[{"embeddable":true,"href":"https:\/\/archivioturi.lavocedelpaese.info\/index.php\/wp-json\/wp\/v2\/comments?post=12807"}],"version-history":[{"count":0,"href":"https:\/\/archivioturi.lavocedelpaese.info\/index.php\/wp-json\/wp\/v2\/posts\/12807\/revisions"}],"wp:attachment":[{"href":"https:\/\/archivioturi.lavocedelpaese.info\/index.php\/wp-json\/wp\/v2\/media?parent=12807"}],"wp:term":[{"taxonomy":"category","embeddable":true,"href":"https:\/\/archivioturi.lavocedelpaese.info\/index.php\/wp-json\/wp\/v2\/categories?post=12807"},{"taxonomy":"post_tag","embeddable":true,"href":"https:\/\/archivioturi.lavocedelpaese.info\/index.php\/wp-json\/wp\/v2\/tags?post=12807"}],"curies":[{"name":"wp","href":"https:\/\/api.w.org\/{rel}","templated":true}]}}