{"id":1279,"date":"2010-01-21T14:38:00","date_gmt":"2010-01-21T14:38:00","guid":{"rendered":"https:\/\/archivioturi.lavocedelpaese.info\/index.php\/2010\/01\/21\/denovellis-al-sindaco-un-pug-vecchio-stampo\/"},"modified":"2010-01-21T14:38:00","modified_gmt":"2010-01-21T14:38:00","slug":"denovellis-al-sindaco-un-pug-vecchio-stampo","status":"publish","type":"post","link":"https:\/\/archivioturi.lavocedelpaese.info\/index.php\/2010\/01\/21\/denovellis-al-sindaco-un-pug-vecchio-stampo\/","title":{"rendered":"DENOVELLIS AL SINDACO: UN PUG VECCHIO STAMPO"},"content":{"rendered":"<p style=\"text-align: justify;\"><img loading=\"lazy\" decoding=\"async\" class=\" size-full wp-image-1278\" src=\"https:\/\/archivioturi.lavocedelpaese.info\/wp-content\/uploads\/2010\/01\/peppone.jpg\" alt=\"peppone\" height=\"150\" width=\"320\" srcset=\"https:\/\/archivioturi.lavocedelpaese.info\/wp-content\/uploads\/2010\/01\/peppone.jpg 640w, https:\/\/archivioturi.lavocedelpaese.info\/wp-content\/uploads\/2010\/01\/peppone-300x141.jpg 300w\" sizes=\"auto, (max-width: 320px) 100vw, 320px\" \/><\/p>\n<p style=\"text-align: justify;\"><span style=\"font-size: 10pt;\"><span style=\"font-family: verdana,geneva;\">\u00c8 stato molto forte e diretto l&#8217;intervento fatto dal consigliere Denovellis ieri in Consiglio comunale.<\/span><\/span><\/p>\n<div style=\"text-align: justify;\"><\/div>\n<p style=\"text-align: justify;\"><span style=\"font-size: 10pt;\"><span style=\"font-family: verdana,geneva;\">Dapprima ha annunciato che <strong>lascia il gruppo consiliare de La Puglia Prima di Tutto<\/strong>, dove era provvisoriamente entrato, <strong>per passare nel gruppo &#8220;Io Sud&#8221;<\/strong>. Ha motivato questa scelta politica, molto ponderata negli ultimi tempi, con la sua vicinanza di pensiero, gi\u00e0 nota ai lettori del nostro sito, con la senatrice Adriana Polibortone. Denovellis ha spiegato che l&#8217;attaccamento al territorio di questo partito \u00e8 fondamentale in una fase in cui, proprio i partiti, non hanno un significato ben preciso. &#8220;Il territorio lo si sta lasciando a se stesso e noi dobbiamo fare in modo di rivalorizzarlo con una politica ad hoc, mettendoci la faccia e il cuore, per il bene di tutti&#8221;.<\/span><\/span><\/p>\n<div style=\"text-align: justify;\"><\/div>\n<p style=\"text-align: justify;\"><span style=\"font-size: 10pt;\"><span style=\"font-family: verdana,geneva;\"><strong>Ha anche annunciato all&#8217;onorevole Consiglio di dimettersi dalla Commissione appositamente creata dal sindaco Gigantelli sul PUG<\/strong> (Piano Urbanistico Generale), in quanto sono venuti meno i presupposti che motivano la sua esistenza. &#8220;Premesso che il PUG \u00e8 lo strumento urbanistico che tutti aspettavano&#8221;, ha spiegato che comunque non \u00e8 stata corretta la mancata rispondenza delle idee programmatiche previste dal DRAG (Documento Regionale di Assetto Generale) e dal DPP (Documento Preliminare Programmatico): in particolare non c&#8217;\u00e8 stata quella partecipazione dei cittadini e delle associazioni di categoria che tanto era stata decantata all&#8217;inizio dell&#8217;iter. &#8220;Da quando si \u00e8 fatto il DPP \u00a0&#8211; ha continuato &#8211; l&#8217;urbanistica scellerata non si \u00e8 fermata, prima e dopo la caduta della famosa variante.&#8221;<\/span><\/span><\/p>\n<div style=\"text-align: justify;\"><\/div>\n<p style=\"text-align: justify;\"><span style=\"font-size: 10pt;\"><span style=\"font-family: verdana,geneva;\">Pertanto, secondo lui, in un anno di tempo, sono cambiate moltissime cose nel nostro paese e la Commissione sul PUG non ha pi\u00f9 ragion d&#8217;essere: &#8220;\u00e8 stato tutto gi\u00e0 deciso. Cosa potremmo mai cambiare ora noi della commissione che dovevamo fare da intermediari tra Amministrazione e popolazione? Dov&#8217;\u00e8 finita la compartecipazione di tutti? Tutto questo lo dico con una volont\u00e0 costruttiva perch\u00e9 la Regione non potr\u00e0 mai approvare un piano urbanistico con delle falle di questo genere&#8221;.<\/span><\/span><\/p>\n<div style=\"text-align: justify;\"><\/div>\n<p style=\"text-align: justify;\"><span style=\"font-size: 10pt;\"><span style=\"font-family: verdana,geneva;\">Ha anche descritto il PUG che verr\u00e0 approvato a giorni dal Consiglio come un <strong>piano regolatore vecchio stampo<\/strong>, in cui non esisteva compartecipazione popolare. Si \u00e8 posto anche le seguenti domande: &#8220;gli ampliamenti delle zone edificabili chi li ha previsti? Perch\u00e9? L&#8217;assessore all&#8217;urbanistica perch\u00e8 non ha convocato la commissione? quali sono gli indirizzi politici con cui \u00e8 stato redatto il documento?&#8221;.<\/span><\/span><\/p>\n<div style=\"text-align: justify;\"><\/div>\n<p style=\"text-align: justify;\"><span style=\"font-size: 10pt;\"><span style=\"font-family: verdana,geneva;\">La paura di Denovellis che tutto possa di nuovo decadere, come avvenuto nel recente passato, \u00e8 lampante; il sindaco ha voluto rispondergli, tentando di tranquillizzarlo su questo aspetto, spiegando che &#8220;<strong>dopo l&#8217;approvazione in Consiglio, secondo la normativa, ci saranno 60 giorni in cui si potranno presentare le osservazioni <\/strong>per discutere di qualsiasi problema derivante dal PUG. Questi due mesi rappresenteranno una fase di conoscenza per i cittadini e sar\u00e0 compito della commissione raccogliere e discutere a riguardo dlle osservazioni che arriveranno&#8221;.<\/span><\/span><\/p>\n<p style=\"text-align: justify;\"><span style=\"font-family: verdana,geneva;\">(La foto dell&#8217;articolo ritrae la fase di defenetrazione del consigliere Denovellis nel Consiglio del febbraio scorso)<\/span><\/p>\n<div style=\"text-align: justify;\"><\/div>\n<p style=\"text-align: justify;\"><span style=\"font-size: 10pt;\"><span style=\"font-family: verdana,geneva;\"> <\/span><\/span><\/p>\n","protected":false},"excerpt":{"rendered":"<p style=\"text-align: justify;\"><img loading=\"lazy\" decoding=\"async\" class=\" size-full wp-image-1278\" src=\"https:\/\/archivioturi.lavocedelpaese.info\/wp-content\/uploads\/2010\/01\/peppone.jpg\" alt=\"peppone\" height=\"150\" width=\"320\" srcset=\"https:\/\/archivioturi.lavocedelpaese.info\/wp-content\/uploads\/2010\/01\/peppone.jpg 640w, https:\/\/archivioturi.lavocedelpaese.info\/wp-content\/uploads\/2010\/01\/peppone-300x141.jpg 300w\" sizes=\"auto, (max-width: 320px) 100vw, 320px\" \/><\/p>\n","protected":false},"author":1,"featured_media":1278,"comment_status":"open","ping_status":"closed","sticky":false,"template":"","format":"standard","meta":{"colormag_page_container_layout":"default_layout","colormag_page_sidebar_layout":"default_layout","footnotes":""},"categories":[4],"tags":[],"class_list":["post-1279","post","type-post","status-publish","format-standard","has-post-thumbnail","hentry","category-politica"],"_links":{"self":[{"href":"https:\/\/archivioturi.lavocedelpaese.info\/index.php\/wp-json\/wp\/v2\/posts\/1279","targetHints":{"allow":["GET"]}}],"collection":[{"href":"https:\/\/archivioturi.lavocedelpaese.info\/index.php\/wp-json\/wp\/v2\/posts"}],"about":[{"href":"https:\/\/archivioturi.lavocedelpaese.info\/index.php\/wp-json\/wp\/v2\/types\/post"}],"author":[{"embeddable":true,"href":"https:\/\/archivioturi.lavocedelpaese.info\/index.php\/wp-json\/wp\/v2\/users\/1"}],"replies":[{"embeddable":true,"href":"https:\/\/archivioturi.lavocedelpaese.info\/index.php\/wp-json\/wp\/v2\/comments?post=1279"}],"version-history":[{"count":0,"href":"https:\/\/archivioturi.lavocedelpaese.info\/index.php\/wp-json\/wp\/v2\/posts\/1279\/revisions"}],"wp:featuredmedia":[{"embeddable":true,"href":"https:\/\/archivioturi.lavocedelpaese.info\/index.php\/wp-json\/wp\/v2\/media\/1278"}],"wp:attachment":[{"href":"https:\/\/archivioturi.lavocedelpaese.info\/index.php\/wp-json\/wp\/v2\/media?parent=1279"}],"wp:term":[{"taxonomy":"category","embeddable":true,"href":"https:\/\/archivioturi.lavocedelpaese.info\/index.php\/wp-json\/wp\/v2\/categories?post=1279"},{"taxonomy":"post_tag","embeddable":true,"href":"https:\/\/archivioturi.lavocedelpaese.info\/index.php\/wp-json\/wp\/v2\/tags?post=1279"}],"curies":[{"name":"wp","href":"https:\/\/api.w.org\/{rel}","templated":true}]}}