{"id":12782,"date":"2015-02-23T08:23:14","date_gmt":"2015-02-23T08:23:14","guid":{"rendered":"https:\/\/archivioturi.lavocedelpaese.info\/index.php\/2015\/02\/23\/carnevale-alloratorio\/"},"modified":"2015-02-23T08:23:14","modified_gmt":"2015-02-23T08:23:14","slug":"carnevale-alloratorio","status":"publish","type":"post","link":"https:\/\/archivioturi.lavocedelpaese.info\/index.php\/2015\/02\/23\/carnevale-alloratorio\/","title":{"rendered":"Carnevale all\u2019Oratorio"},"content":{"rendered":"<p><img loading=\"lazy\" decoding=\"async\" src=\"https:\/\/farm9.staticflickr.com\/8635\/16429072268_97c2492699_n.jpg\" width=\"320\" height=\"180\" alt=\".\" \/><\/p>\n<p style=\"text-align: justify;\">La Parrocchia Maria SS. Ausiliatrice non \u00e8 mai stata cos\u00ec colorata, come nei pomeriggi dedicati ai bambini dell&#8217;Istituto Comprensivo &#8220;Resta -De Donato Giannini&#8221;. A partire dalle ore 15.30 di domenica 15 e luned\u00ec 16 febbraio, i bambini dalle seconde alle quinte della scuola Primaria sono stati accolti nella Parrocchia per trascorrere un pomeriggio all&#8217;insegna dei coriandoli.<br \/>Tante le maschere che i piccoli festanti hanno indossato per lasciarsi coinvolgere dalla travolgente allegria degli animatori dell&#8217;Oratorio, anche loro, in tenuta carnascialesca.<br \/>Stelle filanti, coriandoli, palloncini e tanta voglia di divertimento a scatenare i tanti bambini che hanno accettato l&#8217;invito di Don Ciccio a festeggiare il carnevale in Parrocchia.<br \/>Scatenati anche gli animatori, che con musica, danze, balli e giochi, hanno coinvolto le piccole maschere per un pomeriggio indimenticabile.<br \/>Un\u2019ampia sfilata di simpatici, curiosi e colorati costumi hanno regalato tocchi di sfumature alla sala in cui tra clown, ballerine, principesse, uomo ragno, principi e mostri, sembrava di navigare tra le pagine incantate di libri fiabeschi. Ma del resto il Carnevale \u00e8 la celebrazione del travestimento, di quella promiscuit\u00e0 ribelle che sovverte l&#8217;ordine naturale e morale della realt\u00e0, regalando spumeggianti emozioni. \u201cOggi il Carnevale \u2013 afferma una mamma &#8211; rappresenta un&#8217;occasione di divertimento per i nostri figli, che si esprime attraverso il travestimento, le sfilate mascherate, le feste.\u201d<\/p>\n<p><object width=\"640\" height=\"480\"><param name=\"flashvars\" value=\"offsite=true&amp;lang=it-it&amp;page_show_url=%2Fphotos%2F91470992%40N02%2Fsets%2F72157650985673185%2Fshow%2F&amp;page_show_back_url=%2Fphotos%2F91470992%40N02%2Fsets%2F72157650985673185%2F&amp;set_id=72157650985673185&amp;jump_to=\" \/><param name=\"movie\" value=\"https:\/\/www.flickr.com\/apps\/slideshow\/show.swf?v=1811922554\" \/><param name=\"allowFullScreen\" value=\"true\" \/><embed type=\"application\/x-shockwave-flash\" src=\"https:\/\/www.flickr.com\/apps\/slideshow\/show.swf?v=1811922554\" allowfullscreen=\"true\" flashvars=\"offsite=true&amp;lang=it-it&amp;page_show_url=%2Fphotos%2F91470992%40N02%2Fsets%2F72157650985673185%2Fshow%2F&amp;page_show_back_url=%2Fphotos%2F91470992%40N02%2Fsets%2F72157650985673185%2F&amp;set_id=72157650985673185&amp;jump_to=\" width=\"640\" height=\"480\" title=\"undefined\" \/><\/object><\/p>\n","protected":false},"excerpt":{"rendered":"<p><img loading=\"lazy\" decoding=\"async\" src=\"https:\/\/farm9.staticflickr.com\/8635\/16429072268_97c2492699_n.jpg\" width=\"320\" height=\"180\" alt=\".\" \/><\/p>\n","protected":false},"author":1,"featured_media":0,"comment_status":"open","ping_status":"closed","sticky":false,"template":"","format":"standard","meta":{"colormag_page_container_layout":"default_layout","colormag_page_sidebar_layout":"default_layout","footnotes":""},"categories":[6],"tags":[],"class_list":["post-12782","post","type-post","status-publish","format-standard","hentry","category-cultura"],"_links":{"self":[{"href":"https:\/\/archivioturi.lavocedelpaese.info\/index.php\/wp-json\/wp\/v2\/posts\/12782","targetHints":{"allow":["GET"]}}],"collection":[{"href":"https:\/\/archivioturi.lavocedelpaese.info\/index.php\/wp-json\/wp\/v2\/posts"}],"about":[{"href":"https:\/\/archivioturi.lavocedelpaese.info\/index.php\/wp-json\/wp\/v2\/types\/post"}],"author":[{"embeddable":true,"href":"https:\/\/archivioturi.lavocedelpaese.info\/index.php\/wp-json\/wp\/v2\/users\/1"}],"replies":[{"embeddable":true,"href":"https:\/\/archivioturi.lavocedelpaese.info\/index.php\/wp-json\/wp\/v2\/comments?post=12782"}],"version-history":[{"count":0,"href":"https:\/\/archivioturi.lavocedelpaese.info\/index.php\/wp-json\/wp\/v2\/posts\/12782\/revisions"}],"wp:attachment":[{"href":"https:\/\/archivioturi.lavocedelpaese.info\/index.php\/wp-json\/wp\/v2\/media?parent=12782"}],"wp:term":[{"taxonomy":"category","embeddable":true,"href":"https:\/\/archivioturi.lavocedelpaese.info\/index.php\/wp-json\/wp\/v2\/categories?post=12782"},{"taxonomy":"post_tag","embeddable":true,"href":"https:\/\/archivioturi.lavocedelpaese.info\/index.php\/wp-json\/wp\/v2\/tags?post=12782"}],"curies":[{"name":"wp","href":"https:\/\/api.w.org\/{rel}","templated":true}]}}