{"id":12773,"date":"2015-02-23T05:48:42","date_gmt":"2015-02-23T05:48:42","guid":{"rendered":"https:\/\/archivioturi.lavocedelpaese.info\/index.php\/2015\/02\/23\/praal-per-una-vita-indipendente\/"},"modified":"2015-02-23T05:48:42","modified_gmt":"2015-02-23T05:48:42","slug":"praal-per-una-vita-indipendente","status":"publish","type":"post","link":"https:\/\/archivioturi.lavocedelpaese.info\/index.php\/2015\/02\/23\/praal-per-una-vita-indipendente\/","title":{"rendered":"PrAAL: per una vita indipendente"},"content":{"rendered":"<p><img loading=\"lazy\" decoding=\"async\" src=\"https:\/\/farm9.staticflickr.com\/8565\/15981593964_6c29b14d2a_n.jpg\" alt=\"Il Dott. Ing. Alessandro De Robertis\" width=\"320\" height=\"180\" \/><\/p>\n<p style=\"text-align: justify;\">Si chiama <strong>PrAAL<\/strong> e sta per Progetti di Ambient Assisted Living. A presentarlo, i responsabili del <strong>Centro di Domotica Sociale Domos<\/strong> della vicina Conversano, unico centro ad occuparsi della domotica in ambito sociale nel sud Italia.<br \/>Il PrAAL \u00e8 stato presentato presso la sala teatro dell\u2019Istituto Comprensivo \u201cResta \u2013 De Donato Giannini\u201d, alla presenza dell\u2019Assessore alle politiche sociali, Giusy Caldararo e a pochi altri intervenuti. <br \/>Ad inquadrare il centro Domos e il suo impegno, sin dalla sua fondazione, nei confronti delle tecnologie per migliorare le condizioni dei soggetti in difficolt\u00e0, la sociologa Annalisa Lacalandra. Ma di cosa si tratta? A spiegarlo, l\u2019ingegnere Alessandro De Robertis che ha inquadrato il bando della Regione Puglia che permette agli over 65enni, di accedere, presentando domanda entro le ore 13.00 dell\u20191 marzo 2015 e fino all\u2019esaurimento del finanziamnto, ad una somma utile per l\u2019acquisto di tecnologie per il miglioramento della vita quotidiana di un anziano.<br \/><img loading=\"lazy\" decoding=\"async\" style=\"margin-top: 10px; margin-bottom: 10px; margin-left: 10px; float: right;\" src=\"https:\/\/farm9.staticflickr.com\/8673\/16603141312_7e07841b98_n.jpg\" alt=\"Il Sindaco Coppi in visita al Centro Domos\" width=\"320\" height=\"208\" \/>Avanzando la propria manifestazione d\u2019interesse al bando PR.A.A.L. chi rientra nelle caratteristiche dello stesso pu\u00f2 ambire ad una \u201cVita Indipendente\u201d: una persona di et\u00e0 superiore ai 65 anni, in condizioni di non autosufficienza e con certificazione di handicap o di invalidit\u00e0 rilasciata da una Commissione Pubblica ai sensi dell\u2019art. 3 comma 3 della L. n. 104\/92 deputata all\u2019accertamento di tali condizioni, po\u00f9finalmente tornare o iniziare a vivere il pi\u00f9 possibile in condizioni di autonomia, avendo la capacit\u00e0 di prendere decisioni riguardanti la propria vita e di svolgere attivit\u00e0 di propria scelta.<br \/>I beneficiari del progetto, infatti, possono scegliere di acquisire le tecnologie domotiche per l\u2019allestimento e la fruizione dell\u2019ambiente domestico per una spesa complessiva di 6.000\u20ac. Si parla infatti di richiedere un finanziamento Easy and Safe Home Control, cio\u00e8 Sistemi per la gestione semplice e sicura di applicazioni domestiche, come il controllo di luci, porte e controllo per fughe di acqua e gas, etc o richiedere il finanziamento per Daily Activity Monitoring, cio\u00e8 Sistemi per il monitoraggio e controllo della attivit\u00e0 quotidiane.<br \/>Per partecipare al progetto REAAL i candidati dovranno compilare la manifestazione di interesse sul portale della regione Sistema Puglia previa registrazione e compilare la manifestazione di interesse. <br \/>Per chi ne avesse necessit\u00e0, pu\u00f2 rivolgersi al Centro Domos di Conversano, previo appuntamento, telefonando al numero <strong>080.9680499<\/strong> e recandosi in <strong>Via Donatello, 8<\/strong>.<\/p>\n","protected":false},"excerpt":{"rendered":"<p><img loading=\"lazy\" decoding=\"async\" src=\"https:\/\/farm9.staticflickr.com\/8565\/15981593964_6c29b14d2a_n.jpg\" alt=\"Il Dott. Ing. Alessandro De Robertis\" width=\"320\" height=\"180\" \/><\/p>\n","protected":false},"author":1,"featured_media":0,"comment_status":"open","ping_status":"closed","sticky":false,"template":"","format":"standard","meta":{"colormag_page_container_layout":"default_layout","colormag_page_sidebar_layout":"default_layout","footnotes":""},"categories":[7],"tags":[],"class_list":["post-12773","post","type-post","status-publish","format-standard","hentry","category-attualita"],"_links":{"self":[{"href":"https:\/\/archivioturi.lavocedelpaese.info\/index.php\/wp-json\/wp\/v2\/posts\/12773","targetHints":{"allow":["GET"]}}],"collection":[{"href":"https:\/\/archivioturi.lavocedelpaese.info\/index.php\/wp-json\/wp\/v2\/posts"}],"about":[{"href":"https:\/\/archivioturi.lavocedelpaese.info\/index.php\/wp-json\/wp\/v2\/types\/post"}],"author":[{"embeddable":true,"href":"https:\/\/archivioturi.lavocedelpaese.info\/index.php\/wp-json\/wp\/v2\/users\/1"}],"replies":[{"embeddable":true,"href":"https:\/\/archivioturi.lavocedelpaese.info\/index.php\/wp-json\/wp\/v2\/comments?post=12773"}],"version-history":[{"count":0,"href":"https:\/\/archivioturi.lavocedelpaese.info\/index.php\/wp-json\/wp\/v2\/posts\/12773\/revisions"}],"wp:attachment":[{"href":"https:\/\/archivioturi.lavocedelpaese.info\/index.php\/wp-json\/wp\/v2\/media?parent=12773"}],"wp:term":[{"taxonomy":"category","embeddable":true,"href":"https:\/\/archivioturi.lavocedelpaese.info\/index.php\/wp-json\/wp\/v2\/categories?post=12773"},{"taxonomy":"post_tag","embeddable":true,"href":"https:\/\/archivioturi.lavocedelpaese.info\/index.php\/wp-json\/wp\/v2\/tags?post=12773"}],"curies":[{"name":"wp","href":"https:\/\/api.w.org\/{rel}","templated":true}]}}