{"id":12769,"date":"2015-02-18T17:39:51","date_gmt":"2015-02-18T17:39:51","guid":{"rendered":"https:\/\/archivioturi.lavocedelpaese.info\/index.php\/2015\/02\/18\/il-nuovo-patentino-per-i-fitofarmaci-e-ancora-un-miraggio\/"},"modified":"2015-02-18T17:39:51","modified_gmt":"2015-02-18T17:39:51","slug":"il-nuovo-patentino-per-i-fitofarmaci-e-ancora-un-miraggio","status":"publish","type":"post","link":"https:\/\/archivioturi.lavocedelpaese.info\/index.php\/2015\/02\/18\/il-nuovo-patentino-per-i-fitofarmaci-e-ancora-un-miraggio\/","title":{"rendered":"Il nuovo Patentino per i fitofarmaci \u00e8 ancora un miraggio"},"content":{"rendered":"<p><img loading=\"lazy\" decoding=\"async\" src=\"https:\/\/farm9.staticflickr.com\/8632\/16548201832_863ddd53ae_n.jpg\" width=\"320\" height=\"240\" alt=\"Prodotti Fitosanitari\" \/><\/p>\n<p style=\"text-align: justify;\">Il 3 febbraio viene pubblicato sul sito del Comune di Turi l\u2019avviso che \u201cla Regione Puglia &#8211; Ufficio Provinciale dell\u2019Agricoltura ha comunicato che la programmazione delle attivit\u00e0 volte al rilascio dell&#8217;autorizzazione (&#8220;Patentino&#8221;) per l&#8217;acquisto ed impiego dei prodotti fitosanitari \u00e8 momentaneamente sospesa, in attesa dell&#8217;adozione da parte della Giunta Regionale della delibera che definisca, a livello regionale, l&#8217;applicazione delle nuove procedure previste dal Piano di Azione Nazionale (PAN)\u201d.<\/p>\n<p style=\"text-align: justify;\">Come sapranno bene gli esperti del settore, la normativa per l\u2019acquisto e l\u2019utilizzo dei fitofarmaci in agricoltura \u00e8 cambiata: le nuove disposizioni saranno rese chiare a coloro i quali verranno rilasciati i nuovi patentini. Tuttavia, le date dei nuovi corsi per ottenere la nuova certificazione non sono stati ancora stabiliti. &nbsp;Questo costituisce un danno per gli agricoltori, i quali \u201ccontinuano ad essere vessati&nbsp; \u2013 ci spiega il consigliere Palmisano \u2013 La Giunta regionale se la sta prendendo comoda perch\u00e9 non c\u2019\u00e8 ancora una risposta in tal senso\u201d.<\/p>\n<p style=\"text-align: justify;\">Da quanto ci racconta Palmisano, come ogni anno l\u2019Amministrazione avrebbe fatto richiesta alla Regione per i corsi sull\u2019acquisto e utilizzo dei fitofarmaci e l\u2019ottenimento del relativo patentino. Essendo inoltre cambiata la normativa, \u00e8 probabile che sia cambiato anche l\u2019iter, il tipo di formazione e i contenuti, ma il tutto brancola ancora nel buio.<\/p>\n<p style=\"text-align: justify;\">A tal riguardo, il Consigliere ha deciso di scrivere una lettera al fine di sollecitare la Giunta alla discussione di questo argomento, \u201cperch\u00e9 altrimenti molti agricoltori che hanno bisogno di fare fitoterapia non la possono fare, o perch\u00e9 il patentino \u00e8 scaduto o perch\u00e9 non ce l\u2019hanno ancora: pensiamo a un giovane agricoltore che ha iniziato quest\u2019anno o a un agricoltore che ha piantato nuove piante, queste persone non possono al momento procedere al trattamento fitosanitario. Gli agricoltori sono vessati in ogni modo, ora gli manca solo di non poter intervenire legalmente e di incorrere pure nella sanzione\u201d.&nbsp;<\/p>\n","protected":false},"excerpt":{"rendered":"<p><img loading=\"lazy\" decoding=\"async\" src=\"https:\/\/farm9.staticflickr.com\/8632\/16548201832_863ddd53ae_n.jpg\" width=\"320\" height=\"240\" alt=\"Prodotti Fitosanitari\" \/><\/p>\n","protected":false},"author":1,"featured_media":0,"comment_status":"open","ping_status":"closed","sticky":false,"template":"","format":"standard","meta":{"colormag_page_container_layout":"default_layout","colormag_page_sidebar_layout":"default_layout","footnotes":""},"categories":[7],"tags":[],"class_list":["post-12769","post","type-post","status-publish","format-standard","hentry","category-attualita"],"_links":{"self":[{"href":"https:\/\/archivioturi.lavocedelpaese.info\/index.php\/wp-json\/wp\/v2\/posts\/12769","targetHints":{"allow":["GET"]}}],"collection":[{"href":"https:\/\/archivioturi.lavocedelpaese.info\/index.php\/wp-json\/wp\/v2\/posts"}],"about":[{"href":"https:\/\/archivioturi.lavocedelpaese.info\/index.php\/wp-json\/wp\/v2\/types\/post"}],"author":[{"embeddable":true,"href":"https:\/\/archivioturi.lavocedelpaese.info\/index.php\/wp-json\/wp\/v2\/users\/1"}],"replies":[{"embeddable":true,"href":"https:\/\/archivioturi.lavocedelpaese.info\/index.php\/wp-json\/wp\/v2\/comments?post=12769"}],"version-history":[{"count":0,"href":"https:\/\/archivioturi.lavocedelpaese.info\/index.php\/wp-json\/wp\/v2\/posts\/12769\/revisions"}],"wp:attachment":[{"href":"https:\/\/archivioturi.lavocedelpaese.info\/index.php\/wp-json\/wp\/v2\/media?parent=12769"}],"wp:term":[{"taxonomy":"category","embeddable":true,"href":"https:\/\/archivioturi.lavocedelpaese.info\/index.php\/wp-json\/wp\/v2\/categories?post=12769"},{"taxonomy":"post_tag","embeddable":true,"href":"https:\/\/archivioturi.lavocedelpaese.info\/index.php\/wp-json\/wp\/v2\/tags?post=12769"}],"curies":[{"name":"wp","href":"https:\/\/api.w.org\/{rel}","templated":true}]}}