{"id":12764,"date":"2015-02-18T14:24:45","date_gmt":"2015-02-18T14:24:45","guid":{"rendered":"https:\/\/archivioturi.lavocedelpaese.info\/index.php\/2015\/02\/18\/laera-chiede-una-commissione-di-controllo\/"},"modified":"2015-02-18T14:24:45","modified_gmt":"2015-02-18T14:24:45","slug":"laera-chiede-una-commissione-di-controllo","status":"publish","type":"post","link":"https:\/\/archivioturi.lavocedelpaese.info\/index.php\/2015\/02\/18\/laera-chiede-una-commissione-di-controllo\/","title":{"rendered":"Laera chiede una Commissione di Controllo"},"content":{"rendered":"<p><img loading=\"lazy\" decoding=\"async\" src=\"https:\/\/farm6.staticflickr.com\/5600\/15375246697_9083822d4c_n.jpg\" width=\"320\" height=\"213\" alt=\"Sandro Laera\" \/><\/p>\n<p style=\"text-align: justify;\">La settimana scorsa parte dell\u2019opposizione aveva protocollato la richiesta per un consiglio comunale avente principalmente due punti all\u2019ordine del giorno: la questione dell\u2019Imu agricola e il rischio idrogeologico di via Schumann. Al momento, alla richiesta non sarebbe sopraggiunta risposta. \u201cTutto tace\u201d \u2013 ci riferisce il consigliere di minoranza Sandro Laera. Come ricorderemo, su via Schumann si era gi\u00e0 discusso in un consiglio comunale, ma il punto fu poi rimandato: \u201cAnche in questo caso non abbiamo ancora saputo nulla, come non ho saputo nulla se sia stata evasa la richiesta di Arianna Gasparro di ricevere tutta la documentazione. Comunque, evasa o no la documentazione, questo \u00e8 un argomento che porr\u00f2 all\u2019attenzione della Commissione di Controllo perch\u00e9 qui non sono stati rispettati i termini previsti\u201d.<\/p>\n<p style=\"text-align: justify;\">Il passo successivo di Laera \u00e8 proprio quello di richiedere una Commissione di Controllo in cui si dovr\u00e0 discutere anche di altre questioni che necessitano di \u201cchiarezza e verifiche\u201d, anche perch\u00e9 l\u2019istituzione di una simile Commissione \u201cnasce quasi esclusivamente per la verifica del rispetto delle tempistiche da parte degli uffici preposti e delle amministrazioni\u201d.<\/p>\n<p style=\"text-align: justify;\">E per farci un esempio di questi disastrosi ritardi, Laera ci parla di una richiesta di rimborso di oneri concessori protocollata in data 2 dicembre 2013. A distanza di un anno, il 24 dicembre 2014, il richiedente pare abbia ricevuto dall\u2019ufficio tecnico preposto la richiesta di una documentazione fotografica e le coordinate bancarie su cui, eventualmente, effettuare il bonifico. \u201cNon pu\u00f2 passare un anno da una richiesta di rimborso \u2013 argomenta Laera \u2013 soprattutto se l\u2019importo \u00e8 di circa 54 mila euro, una somma importante sia per un imprenditore che per un cittadino. Non \u00e8 giusto che questi soldi continuino a rimanere nelle del Comune, quando l\u2019utente ne ha fatto richiesta pi\u00f9 di un anno fa\u201d.<\/p>\n<p style=\"text-align: justify;\">Altro punto da chiarire a suo avviso, sarebbe il mancato ricordo da parte di questa Amministrazione, delle vittime delle Foibe: \u201cLa cosa che pi\u00f9 mi indigna e che mi fa un po\u2019 arrabbiare \u00e8 che dovremmo in teoria onorare tutte le vittime che siano della Shoah o delle Foibe allo stesso modo. Purtroppo si fanno delle differenze anche in questo ed \u00e8 una cosa assolutamente grave, perch\u00e9 la commemorazione e il ricordo dei morti non dovrebbe avere colori politici, ma solo carattere di moralit\u00e0 e sensibilit\u00e0. Non so per quale motivo sia stata ignorata la richiesta che abbiamo presentato nei giorni scorsi per sapere cosa avessero in programma di fare per ricordare le vittime delle Foibe. A questa richiesta non abbiamo avuto alcun tipo di risposta e in Comune non hanno preso alcun tipo di iniziativa\u201d.<\/p>\n","protected":false},"excerpt":{"rendered":"<p><img loading=\"lazy\" decoding=\"async\" src=\"https:\/\/farm6.staticflickr.com\/5600\/15375246697_9083822d4c_n.jpg\" width=\"320\" height=\"213\" alt=\"Sandro Laera\" \/><\/p>\n","protected":false},"author":1,"featured_media":0,"comment_status":"open","ping_status":"closed","sticky":false,"template":"","format":"standard","meta":{"colormag_page_container_layout":"default_layout","colormag_page_sidebar_layout":"default_layout","footnotes":""},"categories":[4],"tags":[],"class_list":["post-12764","post","type-post","status-publish","format-standard","hentry","category-politica"],"_links":{"self":[{"href":"https:\/\/archivioturi.lavocedelpaese.info\/index.php\/wp-json\/wp\/v2\/posts\/12764","targetHints":{"allow":["GET"]}}],"collection":[{"href":"https:\/\/archivioturi.lavocedelpaese.info\/index.php\/wp-json\/wp\/v2\/posts"}],"about":[{"href":"https:\/\/archivioturi.lavocedelpaese.info\/index.php\/wp-json\/wp\/v2\/types\/post"}],"author":[{"embeddable":true,"href":"https:\/\/archivioturi.lavocedelpaese.info\/index.php\/wp-json\/wp\/v2\/users\/1"}],"replies":[{"embeddable":true,"href":"https:\/\/archivioturi.lavocedelpaese.info\/index.php\/wp-json\/wp\/v2\/comments?post=12764"}],"version-history":[{"count":0,"href":"https:\/\/archivioturi.lavocedelpaese.info\/index.php\/wp-json\/wp\/v2\/posts\/12764\/revisions"}],"wp:attachment":[{"href":"https:\/\/archivioturi.lavocedelpaese.info\/index.php\/wp-json\/wp\/v2\/media?parent=12764"}],"wp:term":[{"taxonomy":"category","embeddable":true,"href":"https:\/\/archivioturi.lavocedelpaese.info\/index.php\/wp-json\/wp\/v2\/categories?post=12764"},{"taxonomy":"post_tag","embeddable":true,"href":"https:\/\/archivioturi.lavocedelpaese.info\/index.php\/wp-json\/wp\/v2\/tags?post=12764"}],"curies":[{"name":"wp","href":"https:\/\/api.w.org\/{rel}","templated":true}]}}