{"id":12762,"date":"2015-02-18T09:20:47","date_gmt":"2015-02-18T09:20:47","guid":{"rendered":"https:\/\/archivioturi.lavocedelpaese.info\/index.php\/2015\/02\/18\/non-vedo-un-assessorato-che-ha-inciso\/"},"modified":"2015-02-18T09:20:47","modified_gmt":"2015-02-18T09:20:47","slug":"non-vedo-un-assessorato-che-ha-inciso","status":"publish","type":"post","link":"https:\/\/archivioturi.lavocedelpaese.info\/index.php\/2015\/02\/18\/non-vedo-un-assessorato-che-ha-inciso\/","title":{"rendered":"\u201cNon vedo un Assessorato che ha inciso\u201d"},"content":{"rendered":"<p><img loading=\"lazy\" decoding=\"async\" src=\"https:\/\/farm9.staticflickr.com\/8548\/8999580750_5f350dbd93_n.jpg\" width=\"320\" height=\"213\" alt=\"Angelo Palmisano\" \/><\/p>\n<p style=\"text-align: justify;\"><em>Lavori pubblici, Imu agricola, regionali: la \u201cVoce del paese\u201d vi propone una breve intervista al coordinatore cittadino di Forza Italia ed ex assessore all\u2019agricoltura Angelo Palmisano.<\/em><\/p>\n<p style=\"text-align: justify;\"><strong>Signor Palmisano, ha dato un&#8217;occhiata al piano triennale delle opere pubbliche? Cosa ne pensa?<\/strong><\/p>\n<p style=\"text-align: justify;\">\u201cIl piano triennale delle opere pubbliche deliberato dalla Giunta non \u00e8 altro che il vecchio piano delle opere approvato dalla passata amministrazione ad eccezione del progetto di ampliamento della fogna bianca che comunque \u00e8 soggetto a copertura finanziaria. Si continua a sognare e recitare favole\u201d.<\/p>\n<p style=\"text-align: justify;\"><strong>Restando sul tema dei lavori pubblici, a suo avviso, si sta facendo il necessario?<\/strong><strong> <\/strong><\/p>\n<p style=\"text-align: justify;\">\u201cNon vedo un assessorato che ha inciso su quello che sembrava essere un cavallo di battaglia in campagna elettorale: la normale amministrazione! Basti vedere le numerose buche che si sono aperte in questi mesi e che sembrano passare inosservate, per non parlare di tutte le opere ancora incomplete e non si sa perch\u00e9, tipo Lama Giotta o il parco dell&#8217;area ex ospedale che ormai \u00e8 abbandonata a se stesso. Anche la Villa comunale \u00e8 rimasta come era. Spero solo che, per lo meno l\u00e0 dove sono stati effettuati i lavori di manomissione di suolo da parte delle Ferrovie Sud-Est, vengano ripristinati come da regolamento\u201d.<\/p>\n<p style=\"text-align: justify;\"><strong>Imu agricola: va pagata? Il Comune pu\u00f2 fare qualcosa, tipo abbassare l&#8217;aliquota? Quali soluzioni proporrebbe?<\/strong><\/p>\n<p style=\"text-align: justify;\">\u201cQuesto \u00e8 un momento di confusione e di sicuro il legislatore a livello nazionale ci ha messo del suo. Un ennesima tassa ingiusta ai danni del settore primario che gi\u00e0 vive un momento difficile. Credo che in questo momento, associazioni di categoria e agricoltori di tutti i paesi, dovrebbero non pagare e intraprendere una forte manifestazione a Roma per fa sentire le proprie ragioni onde evitare di creare un precedente (anche perch\u00e9&nbsp; questa \u00e8 solo il saldo del 2014 quindi tra qualche mese ci ritroveremo a pagare anche il 2015). In tal senso l&#8217;amministrazione dovrebbe farsi da portavoce e creare una task force tra i comuni per i difendere i diritti dei propri cittadini\u201d.<\/p>\n<p style=\"text-align: justify;\"><strong>In molti stanno rivendicando l&#8217;assessorato all&#8217;Agricoltura. Tra un consigliere delegato e un assessore, c&#8217;\u00e8 differenza? Cosa non pu\u00f2 l&#8217;uno, ma pu\u00f2 invece l&#8217;altro?<\/strong><\/p>\n<p style=\"text-align: justify;\">\u201cTuri merita un Assessorato all&#8217;agricoltura in quanto le dinamiche sono diverse e cambiano. La carica assessorile ha il suo peso e di sicuro influisce in maniera maggiore. Il consigliere ha il ruolo di consigliare, come dice la parola stessa, mentre l&#8217;assessore \u00e8 il &#8220;braccio armato&#8221;: \u00e8 vero che le cose possono essere decise insieme, ma il peso delle responsabilit\u00e0 cadono solo sulla Giunta, a cui partecipano solo Sindaco e Assessori. Spero di ritrovare l&#8217;Assessorato a breve\u201d.<\/p>\n<p style=\"text-align: justify;\"><strong>Regionali: siete ancora in alto mare? Quale \u00e8 la situazione allo stato attuale?<\/strong><\/p>\n<p style=\"text-align: justify;\">\u201cPer quanto riguarda le prossime regionali il centrodestra sta vivendo un periodo di confusione dovuto anche alle divisioni interne che tuttavia si riflettono sui territori e quindi anche in Puglia. Per il bene dei nostri elettori e per un\u2019alternativa valida alla sinistra spero al pi\u00f9 presto che venga scelto il nostro candidato. Il centrodestra lo merita\u201d.<\/p>\n","protected":false},"excerpt":{"rendered":"<p><img loading=\"lazy\" decoding=\"async\" src=\"https:\/\/farm9.staticflickr.com\/8548\/8999580750_5f350dbd93_n.jpg\" width=\"320\" height=\"213\" alt=\"Angelo Palmisano\" \/><\/p>\n","protected":false},"author":1,"featured_media":0,"comment_status":"open","ping_status":"closed","sticky":false,"template":"","format":"standard","meta":{"colormag_page_container_layout":"default_layout","colormag_page_sidebar_layout":"default_layout","footnotes":""},"categories":[4],"tags":[],"class_list":["post-12762","post","type-post","status-publish","format-standard","hentry","category-politica"],"_links":{"self":[{"href":"https:\/\/archivioturi.lavocedelpaese.info\/index.php\/wp-json\/wp\/v2\/posts\/12762","targetHints":{"allow":["GET"]}}],"collection":[{"href":"https:\/\/archivioturi.lavocedelpaese.info\/index.php\/wp-json\/wp\/v2\/posts"}],"about":[{"href":"https:\/\/archivioturi.lavocedelpaese.info\/index.php\/wp-json\/wp\/v2\/types\/post"}],"author":[{"embeddable":true,"href":"https:\/\/archivioturi.lavocedelpaese.info\/index.php\/wp-json\/wp\/v2\/users\/1"}],"replies":[{"embeddable":true,"href":"https:\/\/archivioturi.lavocedelpaese.info\/index.php\/wp-json\/wp\/v2\/comments?post=12762"}],"version-history":[{"count":0,"href":"https:\/\/archivioturi.lavocedelpaese.info\/index.php\/wp-json\/wp\/v2\/posts\/12762\/revisions"}],"wp:attachment":[{"href":"https:\/\/archivioturi.lavocedelpaese.info\/index.php\/wp-json\/wp\/v2\/media?parent=12762"}],"wp:term":[{"taxonomy":"category","embeddable":true,"href":"https:\/\/archivioturi.lavocedelpaese.info\/index.php\/wp-json\/wp\/v2\/categories?post=12762"},{"taxonomy":"post_tag","embeddable":true,"href":"https:\/\/archivioturi.lavocedelpaese.info\/index.php\/wp-json\/wp\/v2\/tags?post=12762"}],"curies":[{"name":"wp","href":"https:\/\/api.w.org\/{rel}","templated":true}]}}