{"id":12756,"date":"2015-02-15T19:32:11","date_gmt":"2015-02-15T19:32:11","guid":{"rendered":"https:\/\/archivioturi.lavocedelpaese.info\/index.php\/2015\/02\/15\/quando-larte-marziale-e-disciplina-prima-che-uno-sport\/"},"modified":"2015-02-15T19:32:11","modified_gmt":"2015-02-15T19:32:11","slug":"quando-larte-marziale-e-disciplina-prima-che-uno-sport","status":"publish","type":"post","link":"https:\/\/archivioturi.lavocedelpaese.info\/index.php\/2015\/02\/15\/quando-larte-marziale-e-disciplina-prima-che-uno-sport\/","title":{"rendered":"Quando l\u2019arte marziale \u00e8 disciplina, prima che uno sport"},"content":{"rendered":"<p><img loading=\"lazy\" decoding=\"async\" src=\"https:\/\/farm8.staticflickr.com\/7397\/16352647618_8ac37ece70_n.jpg\" alt=\"2 - L\u2019Albanese Fight team\" width=\"320\" height=\"240\" \/><\/p>\n<p style=\"text-align: justify;\">Una giornata da campioni per i giovani atleti dell\u2019Albanese Fight team &#8211; Club Okinawa Turi.<\/p>\n<p style=\"text-align: justify;\">Le societ\u00e0 provenienti dalle province di Bari e Brindisi, si sono dati appuntamento a Monopoli per partecipare ad un torneo di K1 light, utile soprattutto in vista dei prossimi appuntamenti che vedranno in palio titoli regionali, nazionali ed intercontinentali.<\/p>\n<p><img loading=\"lazy\" decoding=\"async\" style=\"margin-top: 10px; margin-bottom: 10px; margin-left: 10px; float: right;\" src=\"https:\/\/farm8.staticflickr.com\/7305\/16538629851_51d4b368f2_n.jpg\" alt=\"1- Sul ring il piccolo Biagio Albanese\" width=\"320\" height=\"290\" \/><\/p>\n<p style=\"text-align: justify;\">Patrocinato dall\u2019I.K.T.A., sono saliti sul ring oltre cinquanta giovani combattenti, suddivisi in base ad et\u00e0 e peso.<\/p>\n<p style=\"text-align: justify;\">Del team Albanese ben due ragazzi hanno voluto affrontare l\u2019atmosfera della gara: il pluricampione Antonio Cistulli e la new enty Francesco Laera.<\/p>\n<p style=\"text-align: justify;\">Dopo pochi round, il primo atleta dell\u2019Asd Club Okinawa di Turi a sfidare la tensione da gara \u00e8 stato il ventenne Laera che, alla sua prima esperienza, ha dovuto fare i conti non soltanto con i pugni e calci dell\u2019avversario, ma anche contro un guerriero che spesso sembra essere invincibile: l\u2019emozione.<\/p>\n<p style=\"text-align: justify;\">Due round non sono stati sufficienti per batterlo e cos\u00ec ha dovuto cedere al verdetto finale dei giudici, portando a casa comunque un importantissimo secondo posto ed una prova indiscutibilmente&nbsp; positiva.<\/p>\n<p style=\"text-align: justify;\">A chiudere la giornata sportiva, dopo tanti combattimenti dove il rispetto ed il fair play sono stati i veri protagonisti, il turese Antonio Casulli.<\/p>\n<p style=\"text-align: justify;\">Ormai sempre pi\u00f9 noto per la sua tecnica e tenacia, anche gli organizzatori riservano i suoi incontri per il termine dell\u2019evento, cos\u00ec da regalare al pubblico uno spettacolo che compensa una giornata densa di emozioni, ansia ed attesa.<\/p>\n<p style=\"text-align: justify;\">Casulli ovviamente non poteva smentire tale aspettativa. Due incontri gestiti con padronanza, sfoderando la sua sempre pi\u00f9 raffinata tecnica, pur sprigionando ad ogni pugno e calcio, immensa umilt\u00e0 e rispetto per la disciplina che pratica.<\/p>\n<p style=\"text-align: justify;\">Un altro importante titolo che conferma la sua ottima preparazione, ma soprattutto una prestazione che lascia ben sperare per le prossime gare in calendario.<\/p>\n<p><img loading=\"lazy\" decoding=\"async\" src=\"https:\/\/farm8.staticflickr.com\/7362\/16354431967_73795a9290_n.jpg\" alt=\"3 - La new entry Francesco Laera\" width=\"320\" height=\"240\" style=\"margin-top: 10px; margin-right: 10px; margin-bottom: 10px; float: left;\" \/><\/p>\n<p style=\"text-align: justify;\">La vera rivelazione della giornata per\u00f2 \u00e8 stato l\u2019incontro che ha lasciato stupiti tutti i presenti in sala, ovvero il combattimento della mascotte della Club Okinawa, lo <em>special one:<\/em> Biagio Albanese.<\/p>\n<p style=\"text-align: justify;\">Un piccolo guerriero. Sguardo dolce e tenero, vocina tipica di un bimbo che ha tanta voglia di giocare, sorriso ipnotizzante, ma quando indossa i guantoni, ha pugni e calci di ferro, da vero combattente. Figlio d\u2019arte, ha voglia di far capire da subito che il suo futuro sar\u00e0 sul ring e sicuramente con la voglia di vincere, mentre il suo pap\u00e0 \u00e8 all\u2019angolo come coach.<\/p>\n<p style=\"text-align: justify;\">\u201cSpesso le arti marziali sono considerate sport violenti, non adatti ai bambini e quindi si preferiscono altre attivit\u00e0. In realt\u00e0 sono proprio queste pratiche che pongono come fondamento per la crescita dell\u2019atleta il rispetto verso il proprio avversario e verso tutto ci\u00f2 che ci circonda\u201d.<\/p>\n<p style=\"text-align: justify;\">\u201cQuando noi dello staff dell\u2019Asd Club Okinawa di Turi ci riuniamo per programmare gli allenamenti sia del karate sia della Muay Thai, partiamo dal presupposto che<em> <\/em>il vero campione non \u00e8 chi vince un torneo, ma chi termina l\u2019allenamento o una gara, con la consapevolezza che ha aggiunto un altro importante tassello per la sua crescita\u201d.<\/p>\n<p style=\"text-align: justify;\">Con queste parole, il maestro Antonio Albanese esprime l\u2019importanza di trasmettere i valori delle arti marziali, ancor prima di insegnare ai propri atleti come salire sul ring.<\/p>\n","protected":false},"excerpt":{"rendered":"<p><img loading=\"lazy\" decoding=\"async\" src=\"https:\/\/farm8.staticflickr.com\/7397\/16352647618_8ac37ece70_n.jpg\" alt=\"2 - L\u2019Albanese Fight team\" width=\"320\" height=\"240\" \/><\/p>\n","protected":false},"author":1,"featured_media":0,"comment_status":"open","ping_status":"closed","sticky":false,"template":"","format":"standard","meta":{"colormag_page_container_layout":"default_layout","colormag_page_sidebar_layout":"default_layout","footnotes":""},"categories":[5],"tags":[],"class_list":["post-12756","post","type-post","status-publish","format-standard","hentry","category-sport"],"_links":{"self":[{"href":"https:\/\/archivioturi.lavocedelpaese.info\/index.php\/wp-json\/wp\/v2\/posts\/12756","targetHints":{"allow":["GET"]}}],"collection":[{"href":"https:\/\/archivioturi.lavocedelpaese.info\/index.php\/wp-json\/wp\/v2\/posts"}],"about":[{"href":"https:\/\/archivioturi.lavocedelpaese.info\/index.php\/wp-json\/wp\/v2\/types\/post"}],"author":[{"embeddable":true,"href":"https:\/\/archivioturi.lavocedelpaese.info\/index.php\/wp-json\/wp\/v2\/users\/1"}],"replies":[{"embeddable":true,"href":"https:\/\/archivioturi.lavocedelpaese.info\/index.php\/wp-json\/wp\/v2\/comments?post=12756"}],"version-history":[{"count":0,"href":"https:\/\/archivioturi.lavocedelpaese.info\/index.php\/wp-json\/wp\/v2\/posts\/12756\/revisions"}],"wp:attachment":[{"href":"https:\/\/archivioturi.lavocedelpaese.info\/index.php\/wp-json\/wp\/v2\/media?parent=12756"}],"wp:term":[{"taxonomy":"category","embeddable":true,"href":"https:\/\/archivioturi.lavocedelpaese.info\/index.php\/wp-json\/wp\/v2\/categories?post=12756"},{"taxonomy":"post_tag","embeddable":true,"href":"https:\/\/archivioturi.lavocedelpaese.info\/index.php\/wp-json\/wp\/v2\/tags?post=12756"}],"curies":[{"name":"wp","href":"https:\/\/api.w.org\/{rel}","templated":true}]}}