{"id":12747,"date":"2015-02-18T14:43:50","date_gmt":"2015-02-18T14:43:50","guid":{"rendered":"https:\/\/archivioturi.lavocedelpaese.info\/index.php\/2015\/02\/18\/a-breve-un-corso-pre-parto\/"},"modified":"2015-02-18T14:43:50","modified_gmt":"2015-02-18T14:43:50","slug":"a-breve-un-corso-pre-parto","status":"publish","type":"post","link":"https:\/\/archivioturi.lavocedelpaese.info\/index.php\/2015\/02\/18\/a-breve-un-corso-pre-parto\/","title":{"rendered":"A breve un corso pre parto"},"content":{"rendered":"<p><img loading=\"lazy\" decoding=\"async\" src=\"https:\/\/farm9.staticflickr.com\/8609\/16539890915_51c756ea81_n.jpg\" width=\"320\" height=\"261\" alt=\"preparto\" \/><\/p>\n<p style=\"text-align: justify;\">Un po\u2019 tutte le donne, quando sanno di portare in grembo un bambino, vengono assalite da tanti dubbi e ansie, spesso dovute alla mancanza di conoscenza di quello che le aspetta e di quello che sar\u00e0 il momento del parto. Una tappa che a volte spaventa, alla quale per\u00f2 \u00e8 possibile prepararsi in anticipo, attraverso un colloquio, degli esercizi, uno scambio di emozioni.<\/p>\n<p style=\"text-align: justify;\">A Turi, per la prima volta, sar\u00e0 possibile seguire questo percorso preparatorio attraverso la guida della Psicoterapeuta Grazia Emanuela Perfido.<\/p>\n<p style=\"text-align: justify;\"><strong>Come hai avuto l&#8217;idea di realizzare un corso pre-parto?<\/strong><\/p>\n<p style=\"text-align: justify;\">\u201cL&#8217;idea di realizzare un corso pre parto nasce dalla voglia di mettere a disposizione dei miei concittadini la mia esperienza e la mia preparazione. Per anni, ho organizzato e gestito corsi pre-parto al Miulli ed ora, ho deciso di farlo conoscere anche nel mio paese. Stiamo attraversando un &#8220;periodo di crisi&#8221;, ma forse la crisi pi\u00f9 grande che stiamo vivendo \u00e8 proprio quella dei valori, dell&#8217;essenziale e ritengo sia necessario ripartire e reinvestire da e sulla famiglia, utilizzando le radici forti donateci dall&#8217;esempio dei nostri nonni e dei nostri genitori e le grandi ali del progresso\u201d.<\/p>\n<p style=\"text-align: justify;\"><strong>Dove sar\u00e0 realizzato e da quando?<\/strong><\/p>\n<p style=\"text-align: justify;\">\u201cIl corso si terr\u00e0 presso lo studio medico associato in via A. De Carolis a Turi. Gioved\u00ec 19 febbraio si terr\u00e0 una presentazione dello stesso chee sar\u00e0 svolto tutti i sabato. Ho previsto 8 incontri, in cui verr\u00e0 insegnata la tecnica di rilassamento secondo il metodo R.A.T. e successivamente si svolgeranno discussioni di gruppo. Si tratta, in pratica, di una preparazione psico-fisica che mette la gestante in condizione di affrontare meglio la gravidanza, il travaglio ed il parto, facendo leva sulle sue risorse personali. Il parto \u00e8 un processo funzionale ed armonico in cui giocano un ruolo centrale la serenit\u00e0 e l&#8217;autocontrollo. Ogni esercitazione pratica \u00e8 integrata da una lezione teorica tenuta da esperti. Interverranno varie figure professionali: l&#8217;ostetrica, il ginecologo, la nutrizionista, la psicoterapeuta e mi piacerebbe chiudere il corso invitando un sacerdote per poter benedire tutti i &#8220;pancioni&#8221; e le mamme\u201d.<\/p>\n<p style=\"text-align: justify;\"><strong>Perch\u00e8 \u00e8 importante seguire un corso di tale genere?<\/strong><\/p>\n<p style=\"text-align: justify;\">\u201cLa nascita di un bambino \u00e8 un momento delicato per la vita di una donna, della coppia e della famiglia. Si vivono e si affrontano numerose emozioni: il senso d\u2019inadeguatezza, il disagio per i cambiamenti corporei, le preoccupazioni per la propria salute e quella del nascituro, le ansie relative al momento del parto e del post-partum. Quando nasce un bambino, nasce anche una mamma che necessita di sostegno e di contenimento affettivo allo stesso modo del piccolo. Il ruolo del pap\u00e0 non \u00e8 marginale ma \u00e8 fondamentale. Il pap\u00e0 pu\u00f2 fare moltissimo per aiutare la moglie e il bambino\u201d.<\/p>\n<p style=\"text-align: justify;\"><strong>Quali sono i benefici per il nascituro e per i genitori?<\/strong><\/p>\n<p style=\"text-align: justify;\">\u201cIn passato la vita fetale \u00e8 sempre stata un mistero. Negli ultimi anni la scienza ha ormai riconosciuto al feto competenze non sole fisiche ma anche psichiche. Nelle prime ore dopo la nascita, il neonato \u00e8 in grado di riconoscere e preferire la voce della propria madre rispetto a quella di altre donne. Il feto possiede capacit\u00e0 sensoriali, \u00e8 in grado di provare sentimenti ed \u00e8 intimamente coinvolto nel mondo affettivo e relazionale dei genitori. Tutto quanto il bambino vive durante la sua vita prenatale, si rifletter\u00e0 sulla sua esistenza. Il modo in cui tratteremo nostro figlio sar\u00e0 lo stesso con cui nostro figlio tratter\u00e0 il mondo&#8221;.<\/p>\n<p style=\"text-align: justify;\">Per chi volesse avere maggiori informazioni, si pu\u00f2 rivolgere alla dottoressa Perfido, al tel. 333-3342147, consultare il sito <a href=\"http:\/\/www.psycologando.it\/\">www.psycologando.it<\/a> o contattarla a <a href=\"mailto:graziaemanuela.perfido@psycologando.it\">graziaemanuela.perfido@psycologando.it<\/a><\/p>\n","protected":false},"excerpt":{"rendered":"<p><img loading=\"lazy\" decoding=\"async\" src=\"https:\/\/farm9.staticflickr.com\/8609\/16539890915_51c756ea81_n.jpg\" width=\"320\" height=\"261\" alt=\"preparto\" \/><\/p>\n","protected":false},"author":1,"featured_media":0,"comment_status":"open","ping_status":"closed","sticky":false,"template":"","format":"standard","meta":{"colormag_page_container_layout":"default_layout","colormag_page_sidebar_layout":"default_layout","footnotes":""},"categories":[7],"tags":[],"class_list":["post-12747","post","type-post","status-publish","format-standard","hentry","category-attualita"],"_links":{"self":[{"href":"https:\/\/archivioturi.lavocedelpaese.info\/index.php\/wp-json\/wp\/v2\/posts\/12747","targetHints":{"allow":["GET"]}}],"collection":[{"href":"https:\/\/archivioturi.lavocedelpaese.info\/index.php\/wp-json\/wp\/v2\/posts"}],"about":[{"href":"https:\/\/archivioturi.lavocedelpaese.info\/index.php\/wp-json\/wp\/v2\/types\/post"}],"author":[{"embeddable":true,"href":"https:\/\/archivioturi.lavocedelpaese.info\/index.php\/wp-json\/wp\/v2\/users\/1"}],"replies":[{"embeddable":true,"href":"https:\/\/archivioturi.lavocedelpaese.info\/index.php\/wp-json\/wp\/v2\/comments?post=12747"}],"version-history":[{"count":0,"href":"https:\/\/archivioturi.lavocedelpaese.info\/index.php\/wp-json\/wp\/v2\/posts\/12747\/revisions"}],"wp:attachment":[{"href":"https:\/\/archivioturi.lavocedelpaese.info\/index.php\/wp-json\/wp\/v2\/media?parent=12747"}],"wp:term":[{"taxonomy":"category","embeddable":true,"href":"https:\/\/archivioturi.lavocedelpaese.info\/index.php\/wp-json\/wp\/v2\/categories?post=12747"},{"taxonomy":"post_tag","embeddable":true,"href":"https:\/\/archivioturi.lavocedelpaese.info\/index.php\/wp-json\/wp\/v2\/tags?post=12747"}],"curies":[{"name":"wp","href":"https:\/\/api.w.org\/{rel}","templated":true}]}}