{"id":12741,"date":"2015-02-18T14:07:43","date_gmt":"2015-02-18T14:07:43","guid":{"rendered":"https:\/\/archivioturi.lavocedelpaese.info\/index.php\/2015\/02\/18\/nuovi-percorsi-formativi-nel-carcere\/"},"modified":"2015-02-18T14:07:43","modified_gmt":"2015-02-18T14:07:43","slug":"nuovi-percorsi-formativi-nel-carcere","status":"publish","type":"post","link":"https:\/\/archivioturi.lavocedelpaese.info\/index.php\/2015\/02\/18\/nuovi-percorsi-formativi-nel-carcere\/","title":{"rendered":"Nuovi percorsi formativi nel carcere?"},"content":{"rendered":"<p><img loading=\"lazy\" decoding=\"async\" src=\"https:\/\/farm8.staticflickr.com\/7453\/15905727014_fe2f80bd08_n.jpg\" width=\"320\" height=\"247\" alt=\"carcere Turi\" \/><\/p>\n<p style=\"text-align: justify;\">Non si ferma il percorso di crescita dell\u2019ITES \u201cPertini \u2013 Montale\u201d del dirigente scolastico, prof. Andrea Roncone. Dopo la conferma che il tentativo, di \u201cdisarticolare l&#8217;istituto \u00e8 nuovamente fallito e quindi il progetto Pertini-Montale \u00e8 confermato e rafforzato, abbiamo ottenuto la possibilit\u00e0 di istituire una sezione carceraria\u201d \u2013 ci ha spiegato il dirigente.<\/p>\n<p style=\"text-align: justify;\">Pare, quindi, che si definisca una nuova apertura al territorio e dal territorio, nei confronti della Casa di Reclusione turese. Da questa l\u2019Ites di Turi attende ancora disponibilit\u00e0, ma come ci commenta la direttrice Mariateresa Susca \u201csiamo assolutamente disponibili al progetto\u201d. Nulla \u00e8 stato ancora definito, nessun piano \u00e8 stato ancora valutato, ma sta di fatto che da entrambe le parti \u00e8 stata manifestata una apertura all\u2019iniziativa.<\/p>\n<p style=\"text-align: justify;\">Un nuovo percorso, una nuova apertura, che abbatte quel muro che confina la realt\u00e0 carceraria al paese che lo ospita. La volont\u00e0, espressa in diverse occasioni, sia dalla direttrice, sia dalle autorit\u00e0 cittadine, prende sempre pi\u00f9 forma e sempre maggiore dettaglio, per avvicinare, quello che \u00e8 ancora per molti turesi un luogo \u201cdistante\u201d, alle possibilit\u00e0 che il territorio sa offrire.<\/p>\n","protected":false},"excerpt":{"rendered":"<p><img loading=\"lazy\" decoding=\"async\" src=\"https:\/\/farm8.staticflickr.com\/7453\/15905727014_fe2f80bd08_n.jpg\" width=\"320\" height=\"247\" alt=\"carcere Turi\" \/><\/p>\n","protected":false},"author":1,"featured_media":0,"comment_status":"open","ping_status":"closed","sticky":false,"template":"","format":"standard","meta":{"colormag_page_container_layout":"default_layout","colormag_page_sidebar_layout":"default_layout","footnotes":""},"categories":[7],"tags":[],"class_list":["post-12741","post","type-post","status-publish","format-standard","hentry","category-attualita"],"_links":{"self":[{"href":"https:\/\/archivioturi.lavocedelpaese.info\/index.php\/wp-json\/wp\/v2\/posts\/12741","targetHints":{"allow":["GET"]}}],"collection":[{"href":"https:\/\/archivioturi.lavocedelpaese.info\/index.php\/wp-json\/wp\/v2\/posts"}],"about":[{"href":"https:\/\/archivioturi.lavocedelpaese.info\/index.php\/wp-json\/wp\/v2\/types\/post"}],"author":[{"embeddable":true,"href":"https:\/\/archivioturi.lavocedelpaese.info\/index.php\/wp-json\/wp\/v2\/users\/1"}],"replies":[{"embeddable":true,"href":"https:\/\/archivioturi.lavocedelpaese.info\/index.php\/wp-json\/wp\/v2\/comments?post=12741"}],"version-history":[{"count":0,"href":"https:\/\/archivioturi.lavocedelpaese.info\/index.php\/wp-json\/wp\/v2\/posts\/12741\/revisions"}],"wp:attachment":[{"href":"https:\/\/archivioturi.lavocedelpaese.info\/index.php\/wp-json\/wp\/v2\/media?parent=12741"}],"wp:term":[{"taxonomy":"category","embeddable":true,"href":"https:\/\/archivioturi.lavocedelpaese.info\/index.php\/wp-json\/wp\/v2\/categories?post=12741"},{"taxonomy":"post_tag","embeddable":true,"href":"https:\/\/archivioturi.lavocedelpaese.info\/index.php\/wp-json\/wp\/v2\/tags?post=12741"}],"curies":[{"name":"wp","href":"https:\/\/api.w.org\/{rel}","templated":true}]}}