{"id":12732,"date":"2015-02-11T10:57:43","date_gmt":"2015-02-11T10:57:43","guid":{"rendered":"https:\/\/archivioturi.lavocedelpaese.info\/index.php\/2015\/02\/11\/laera-chiede-un-consiglio-comunale-sullimu-agricola\/"},"modified":"2015-02-11T10:57:43","modified_gmt":"2015-02-11T10:57:43","slug":"laera-chiede-un-consiglio-comunale-sullimu-agricola","status":"publish","type":"post","link":"https:\/\/archivioturi.lavocedelpaese.info\/index.php\/2015\/02\/11\/laera-chiede-un-consiglio-comunale-sullimu-agricola\/","title":{"rendered":"Laera chiede un consiglio comunale sull\u2019Imu agricola"},"content":{"rendered":"<p><img loading=\"lazy\" decoding=\"async\" src=\"https:\/\/farm8.staticflickr.com\/7567\/15959132822_963bb8fdb1_m.jpg\" width=\"166\" height=\"240\" alt=\"Sandro Laera\" \/><\/p>\n<p style=\"text-align: justify;\">E sulla questione dell\u2019Imu agricola si stanno muovendo anche parte dei consiglieri di opposizione. Sarebbe stata presentata, infatti, tra gioved\u00ec 5 e venerd\u00ec 6 febbraio, la richiesta di un consiglio comunale, affinch\u00e9 si possa discutere della questione, cercando di valutare strade alternative che, seppure non esentino completamente dal pagare, possano magari togliere un macigno dalle spalle di chi non pu\u00f2 togliersi altro denaro dalle tasche. Inoltre, seppure a Turi non siamo tutti agricoltori, va sottolineato il fatto che l\u2019agricoltura costituisce l\u2019attivit\u00e0 prevalente del territorio e che un appezzamento di terra, piccolo o grande che sia, ereditato o meno, lo abbiamo pi\u00f9 o meno tutti.<\/p>\n<p style=\"text-align: justify;\">A formulare e portare materialmente la richiesta in comune \u00e8 stato il consigliere Sandro Laera, che ai nostri microfoni dichiara che gi\u00e0 da tempo aveva chiesto che della questione se ne facesse un punto all\u2019ordine del giorno: \u201cIn uno degli ultimi consigli comunali, quando si parl\u00f2 dei valori venali, espressi la volont\u00e0 di un ordine del giorno ad hoc sull\u2019Imu dei terreni agricoli. Ovviamente di questo non se ne \u00e8 pi\u00f9 parlato. \u00c8 chiaro che questa tassa, seppur in maniera residuale, perch\u00e9 gli importi non sono altissimi, influisca sulle tasche dei cittadini con tutto il resto della tassazione che ci ha coinvolti. Sento la necessit\u00e0 di discutere, di capire se hanno intenzione, adesso o in futuro, di applicare delle riduzioni o delle esenzioni, magari per alcune categorie particolari. Naturalmente noi contiamo di arrivare, qualora lo dovessimo fare, al consiglio con una proposta concreta, fattibile, anche dal punto di vista economico\u201d. L\u2019opposizione lascia intendere dunque che sta gi\u00e0 lavorando ad una proposta da poter presentare in consiglio, qualora venisse fatto.<\/p>\n<p style=\"text-align: justify;\">Ma se lo Stato ha gi\u00e0 introitato la somma pari a circa 360 mila euro e il Comune di Turi dovr\u00e0 incassare quella stessa cifra dalla riscossione di questa imposta, come si potrebbero trovare delle soluzioni alternative? \u201cDobbiamo essere realisti \u2013 ci risponde Laera \u2013 Non pagare del tutto \u00e8 impossibile. Non possiamo chiedere l\u2019esenzione totale, perch\u00e9 verrebbero meno queste risorse. Si potrebbe per\u00f2 limitare il danno limando l\u2019aliquota e inserendo misure compensative oppure procedendo a scaglioni. Le somme si dovranno introitare, bisogna capire in che modo e da chi, se il disoccupato deve essere pi\u00f9 privilegiato di altri o se \u00e8 possibile adottare altri tipi di meccanismi\u201d.<\/p>\n<p style=\"text-align: justify;\">Un atteggiamento questo, che dall\u2019altra parte abbia rispecchiato solo il pensiero del consigliere Palmisano, il quale avrebbe manifestato l\u2019intenzione di mobilitare qualcosa, ma non sarebbe riuscito nell\u2019impresa, non avendo ricevuto alcun tipo di reazione alle sue segnalazioni in tal senso. Per questo, conclude Laera, \u201carriveremo con delle proposte concrete che stiamo studiando in questi giorni, anche con il gruppo di Fratelli d\u2019Italia, per giungere ad una \u201csoluzione palliativa\u201d, che sia in grado di difendere almeno le categorie pi\u00f9 deboli\u201d.<\/p>\n","protected":false},"excerpt":{"rendered":"<p><img loading=\"lazy\" decoding=\"async\" src=\"https:\/\/farm8.staticflickr.com\/7567\/15959132822_963bb8fdb1_m.jpg\" width=\"166\" height=\"240\" alt=\"Sandro Laera\" \/><\/p>\n","protected":false},"author":1,"featured_media":0,"comment_status":"open","ping_status":"closed","sticky":false,"template":"","format":"standard","meta":{"colormag_page_container_layout":"default_layout","colormag_page_sidebar_layout":"default_layout","footnotes":""},"categories":[4],"tags":[],"class_list":["post-12732","post","type-post","status-publish","format-standard","hentry","category-politica"],"_links":{"self":[{"href":"https:\/\/archivioturi.lavocedelpaese.info\/index.php\/wp-json\/wp\/v2\/posts\/12732","targetHints":{"allow":["GET"]}}],"collection":[{"href":"https:\/\/archivioturi.lavocedelpaese.info\/index.php\/wp-json\/wp\/v2\/posts"}],"about":[{"href":"https:\/\/archivioturi.lavocedelpaese.info\/index.php\/wp-json\/wp\/v2\/types\/post"}],"author":[{"embeddable":true,"href":"https:\/\/archivioturi.lavocedelpaese.info\/index.php\/wp-json\/wp\/v2\/users\/1"}],"replies":[{"embeddable":true,"href":"https:\/\/archivioturi.lavocedelpaese.info\/index.php\/wp-json\/wp\/v2\/comments?post=12732"}],"version-history":[{"count":0,"href":"https:\/\/archivioturi.lavocedelpaese.info\/index.php\/wp-json\/wp\/v2\/posts\/12732\/revisions"}],"wp:attachment":[{"href":"https:\/\/archivioturi.lavocedelpaese.info\/index.php\/wp-json\/wp\/v2\/media?parent=12732"}],"wp:term":[{"taxonomy":"category","embeddable":true,"href":"https:\/\/archivioturi.lavocedelpaese.info\/index.php\/wp-json\/wp\/v2\/categories?post=12732"},{"taxonomy":"post_tag","embeddable":true,"href":"https:\/\/archivioturi.lavocedelpaese.info\/index.php\/wp-json\/wp\/v2\/tags?post=12732"}],"curies":[{"name":"wp","href":"https:\/\/api.w.org\/{rel}","templated":true}]}}