{"id":12729,"date":"2015-02-09T08:44:35","date_gmt":"2015-02-09T08:44:35","guid":{"rendered":"https:\/\/archivioturi.lavocedelpaese.info\/index.php\/2015\/02\/09\/sergio-mattarella-e-il-nuovo-presidente-della-repubblica-italiana\/"},"modified":"2015-02-09T08:44:35","modified_gmt":"2015-02-09T08:44:35","slug":"sergio-mattarella-e-il-nuovo-presidente-della-repubblica-italiana","status":"publish","type":"post","link":"https:\/\/archivioturi.lavocedelpaese.info\/index.php\/2015\/02\/09\/sergio-mattarella-e-il-nuovo-presidente-della-repubblica-italiana\/","title":{"rendered":"Sergio Mattarella \u00e8 il nuovo Presidente della Repubblica Italiana"},"content":{"rendered":"<p><img loading=\"lazy\" decoding=\"async\" src=\"https:\/\/farm8.staticflickr.com\/7444\/16396675541_cc5f87e963_n.jpg\" width=\"320\" height=\"200\" alt=\"Mattarella \u00e8 gi\u00e0 Presidente: lo scherzo di Wikipedia\" \/><\/p>\n<p style=\"text-align: justify;\">Il 31 gennaio 2015 scrive una nuova pagina della storia italiana, l\u2019elezione del dodicesimo Presidente della Repubblica italiana. \u00c8 Sergio Mattarella, giudice della Corte Costituzionale, a salire al Colle dopo le dimissioni di Giorgio Napolitano. La sua elezione arriva dopo una lunga trattativa tra i partiti e dopo tensioni nella maggioranza. Alla quarta votazione, raccoglie 665 voti, superando di gran lunga la quota del quarto scrutinio, fissata a 505. &nbsp;Mattarella va al Quirinale con i voti del Pd, degli alfaniani, di Scelta Civica, ma anche degli ex grillini. La candidatura \u00e8 stata fortemente voluta da Matteo Renzi che sin dal primo scrutinio ha imposto agli altri partiti il nome del giudice costituzionale. Ma cosa ne pensano i nostri politici turesi?<\/p>\n<p style=\"text-align: justify;\">\u201cMi sembra un buon presidente, equilibrato, molto posato \u2013 ci risponde il sindaco <strong>Menino Coppi<\/strong> \u2013 Credo che sia una buona scelta, che ha coinvolto moltissimi parlamentari: \u00e8 stato eletto con quasi i due terzi dei voti e penso che avrebbe potuto esserlo anche al primo turno. Ritengo inoltre alcuni segnali positivi: \u00e8 interessante il fatto che abbia legato tristemente la sua vita alla lotta alla mafia, come il fatto che sia siciliano. \u00c8 importante capire le persone che occupano certe cariche anche attraverso ci\u00f2 che hanno fatto della e nella loro vita. &nbsp;Naturalmente questa designazione \u00e8 stata anche una vittoria dal punto di vista politico, con l\u2019unit\u00e0 del Partito Democratico, con il fatto che il suo segretario abbia condotto in modo magistrale questa trattativa, riuscendo alla quarta votazione, come era stato previsto, ad eleggere il nuovo presidente. \u00c8 stata una grande vittoria di Renzi\u201d.<\/p>\n<p style=\"text-align: justify;\">Positivo anche il commento di <strong>Fabrizio Resta<\/strong> di Sel: \u201cTra i nominativi che erano in gioco sicuramente Mattarella era la personalit\u00e0 migliore che ci potesse essere. Ha un curriculum di un certo spessore, sappiamo tutti che il fratello \u00e8 stato ucciso dalla mafia, quindi sicuramente non \u00e8 una persona disonesta. Ricordiamo che \u00e8 stato colui che si \u00e8 battuto per la legge Mamm\u00ec. Alla fine credo che sia la scelta migliore che si potesse fare\u201d.<\/p>\n<p style=\"text-align: justify;\">Fiducioso \u00e8 il commento di <strong>Angelo Palmisano<\/strong> di Forza Italia: \u201cDopo tanto parlare finalmente \u00e8 stato eletto il nuovo Presidente della Repubblica. La mia prima impressione \u00e8 stata buona. Il suo discorso \u00e8 stato improntato sulla semplicit\u00e0 e sulla neutralit\u00e0 del ruolo che da oggi dovr\u00e0 ricoprire. Mi \u00e8 piaciuto molto il passaggio in cui afferma che sar\u00e0 un arbitro imparziale ma che per farlo ha bisogno di giocatori leali. In questo momento di incertezza abbiamo bisogno di una figura che sia garante delle istituzioni e del popolo italiano. Questa fase di transito, per quanto riguarda le riforme sia costituzionali che della Nazione, ha necessit\u00e0 di una persona che abbia esperienza sia politica che amministrativa che istituzionale e mi sembra che il nuovo Presidente abbia tutte queste caratteristiche, in quanto nei vari anni ha ricoperto pi\u00f9 ruoli. Al di l\u00e0 di tutte le polemiche che si sono susseguite alla sua elezioni, credo che l&#8217;Italia e gli italiani abbiamo bisogno di figure ferme e certe, di punti di riferimento sui cui riporre speranze e fiducia e in questo il ruolo del nuovo presidente \u00e8 fondamentale. Dobbiamo avere fiducia delle istituzioni e per giudicare abbiamo tempo. Benvenuto presidente e buon lavoro\u201d.<\/p>\n<p style=\"text-align: justify;\">Di tutt\u2019altro avviso \u00e8 <strong>Giovanni Settanni<\/strong> di Fratelli d\u2019Italia: \u201cNell\u2019ineccepibile discorso alla Nazione di Sergio Mattarella, abbiamo assistito ad una notevole prova di arte oratoria come si addice ad un politico navigato della vecchia scuola democristiana. Come un buon padre di famiglia, \u00e8 stata riservata una buona parola e una carezza per tutti. Alcune di queste ci hanno fatto particolarmente piacere, come quelle rivolte a Falcone e Borsellino, alla nostra comunit\u00e0 nazionale e ai mar\u00f2. Ma \u00e8 proprio questo tono sobrio e consolante che ci fa guardare con preoccupazione a quella che sar\u00e0 l\u2019azione del settennato presidenziale. Perch\u00e9 in questo discorso mono-tono non \u00e8 stato posto l\u2019accento sulle reali sfide che ha di fronte l\u2019Italia, lasciando presupporre la volont\u00e0 di mantenimento dell\u2019attuale status quo. Innanzi tutto il neo Presidente descrive la drammatica crisi economica che stiamo vivendo come se si trattasse di una catastrofe naturale indipendente dall\u2019agire umano e non come la logica conseguenza delle fallimentari politiche economiche e monetarie dell\u2019Europa e degli ultimi tre governi che le hanno avallate ed eseguite. Non \u00e8 vero, come afferma Mattarella, che nella nuova Europa l\u2019Italia ha trovato l\u2019affermazione della sua sovranit\u00e0 e un approdo sicuro. \u00c8 esattamente il contrario: la sfida dell\u2019Italia per i prossimi anni deve essere quella di riaffermare la propria sovranit\u00e0 e difendere la propria indipendenza dall\u2019ingerenza delle cancellerie europee e delle lobby finanziarie che governano la Ue. Cos\u00ec come sembra una lettura quanto meno generosa affermare che, nel corso del semestre italiano di Presidenza dell\u2019Unione Europea, il Governo abbia perseguito una strategia di crescita, se si considera che tutti gli osservatori nazionali e internazionali hanno sostenuto l\u2019opposto. In secondo luogo sorprende che un ex giudice della Consulta che ha dichiarato incostituzionale l\u2019ultima legge elettorale, e in particolare l\u2019elezione dei parlamentari con le liste bloccate e il premio di maggioranza con il quale il Pd si \u00e8 assicurato 140 deputati in pi\u00f9 del dovuto, da Presidente della Repubblica non faccia alcun cenno alla questione ma addirittura tessa le lodi della composizione dell\u2019attuale Parlamento. Dispiace infine che, nell\u2019intero discorso, Mattarella abbia fatto solo un fugace accenno alla famiglia e non abbia speso una delle tante parole a disposizione a sostegno della natalit\u00e0 e dell\u2019infanzia, che \u00e8 la principale emergenza della nostra comunit\u00e0 nazionale. I tatticismi, la prudenza e i compromessi della Prima Repubblica ci hanno consegnato una Nazione in ginocchio e hanno negato il diritto al futuro delle giovani generazioni. Per questo mi auguro che il nuovo Presidente smentisca l\u2019apparenza che ha dato e si dimostri capace delle scelte decise e coraggiose di cui la Nazione ha disperato bisogno\u201d.<\/p>\n","protected":false},"excerpt":{"rendered":"<p><img loading=\"lazy\" decoding=\"async\" src=\"https:\/\/farm8.staticflickr.com\/7444\/16396675541_cc5f87e963_n.jpg\" width=\"320\" height=\"200\" alt=\"Mattarella \u00e8 gi\u00e0 Presidente: lo scherzo di Wikipedia\" \/><\/p>\n","protected":false},"author":1,"featured_media":0,"comment_status":"open","ping_status":"closed","sticky":false,"template":"","format":"standard","meta":{"colormag_page_container_layout":"default_layout","colormag_page_sidebar_layout":"default_layout","footnotes":""},"categories":[4],"tags":[],"class_list":["post-12729","post","type-post","status-publish","format-standard","hentry","category-politica"],"_links":{"self":[{"href":"https:\/\/archivioturi.lavocedelpaese.info\/index.php\/wp-json\/wp\/v2\/posts\/12729","targetHints":{"allow":["GET"]}}],"collection":[{"href":"https:\/\/archivioturi.lavocedelpaese.info\/index.php\/wp-json\/wp\/v2\/posts"}],"about":[{"href":"https:\/\/archivioturi.lavocedelpaese.info\/index.php\/wp-json\/wp\/v2\/types\/post"}],"author":[{"embeddable":true,"href":"https:\/\/archivioturi.lavocedelpaese.info\/index.php\/wp-json\/wp\/v2\/users\/1"}],"replies":[{"embeddable":true,"href":"https:\/\/archivioturi.lavocedelpaese.info\/index.php\/wp-json\/wp\/v2\/comments?post=12729"}],"version-history":[{"count":0,"href":"https:\/\/archivioturi.lavocedelpaese.info\/index.php\/wp-json\/wp\/v2\/posts\/12729\/revisions"}],"wp:attachment":[{"href":"https:\/\/archivioturi.lavocedelpaese.info\/index.php\/wp-json\/wp\/v2\/media?parent=12729"}],"wp:term":[{"taxonomy":"category","embeddable":true,"href":"https:\/\/archivioturi.lavocedelpaese.info\/index.php\/wp-json\/wp\/v2\/categories?post=12729"},{"taxonomy":"post_tag","embeddable":true,"href":"https:\/\/archivioturi.lavocedelpaese.info\/index.php\/wp-json\/wp\/v2\/tags?post=12729"}],"curies":[{"name":"wp","href":"https:\/\/api.w.org\/{rel}","templated":true}]}}