{"id":12677,"date":"2015-02-02T05:50:43","date_gmt":"2015-02-02T05:50:43","guid":{"rendered":"https:\/\/archivioturi.lavocedelpaese.info\/index.php\/2015\/02\/02\/fidas-troiano-di-nuovo-presidente\/"},"modified":"2015-02-02T05:50:43","modified_gmt":"2015-02-02T05:50:43","slug":"fidas-troiano-di-nuovo-presidente","status":"publish","type":"post","link":"https:\/\/archivioturi.lavocedelpaese.info\/index.php\/2015\/02\/02\/fidas-troiano-di-nuovo-presidente\/","title":{"rendered":"Fidas: Troiano di nuovo presidente"},"content":{"rendered":"<p><img loading=\"lazy\" decoding=\"async\" src=\"https:\/\/farm8.staticflickr.com\/7329\/16223659820_dc78ef541e_n.jpg\" width=\"320\" height=\"240\" alt=\"FIDAS TURI\" \/><\/p>\n<p style=\"text-align: justify;\">\u201cUn grazie di cuore a quanti hanno votato e creduto nella mia riconferma\u201d \u2013 sono le parole del neo presidente della sezione Fidas di Turi, Michele Troiano. Quella del presidente Troiano \u00e8 una riconferma di incarico, a seguito della votazione realizzata nella serata di luned\u00ec 26 gennaio, presso la sede Fidas da tutti i soci.<\/p>\n<p style=\"text-align: justify;\">Nel suo mandato, che sar\u00e0 triennale (2015-2017), sar\u00e0 affiancato da Arr\u00e8 Stefano, nella carica di vice presidente, da Francesco Di Noia come segretario, Lotito Donato, cassiere e i consiglieri &nbsp;Ceo Rosalba, Mercieri Crescenza, Nicola De Pascale, Fabio Basile e Zizzari Carolina.<\/p>\n<p style=\"text-align: justify;\">Il suo pensiero per\u00f2 \u00e8 presto rivolto alla nuova campagna di raccolta sangue, che partir\u00e0 il prossimo 15 febbraio e che segue un anno \u201cnon abbastanza proficuo\u201d \u2013 come espone nella relazione finale del 2014. Tanti i problemi rilevati nello scorso anno: \u201criduzione delle giornate di raccolta e problemi logistici\u201d. Ventitr\u00e9 candeline a raccontare, per\u00f2, una realt\u00e0 territoriale che nel suo piccolo, si sforza quotidianamente di mostrare la propria presenza e sensibilizzare la cittadinanza ad un tema cos\u00ec importante e fondamentale nella vita dell\u2019uomo. \u201cNel 2014 sono state raccolte 330 sacche di sangue intero ed emoderivati in occasione delle giornate di donazione presso il Poliambulatorio ASL di Turi, con i Centri Trasfusionali di Putignano e Conversano \u2013 Monopoli, oltre che presso i centri di Putignano, Conversano, Acquaviva e lo stesso Policlinico di Bari, che ringrazio per l\u2019impegno e la professionalit\u00e0 espressa durante le giornate di raccolta\u201d \u2013 sottolinea il presidente Troiano.<\/p>\n<p style=\"text-align: justify;\">\u201cIl mio augurio \u2013 aggiunge in chiusura &#8211; \u00e8 di continuare nell\u2019impegno costante e nello spirito di collaborazione e di raggiungere traguardi sempre pi\u00f9 importanti\u201d. Ringrazia cos\u00ec tutti i soci donatori e quanti stanno vicino all\u2019associazione, invitando chiunque avesse interesse a partecipare al prossimo raduno nazionale FPDS- FIDAS che si terr\u00e0 a Viareggio il 2 maggio 2015, a contattare il direttivo Fidas nel pi\u00f9 breve tempo possibile.&nbsp;<\/p>\n","protected":false},"excerpt":{"rendered":"<p><img loading=\"lazy\" decoding=\"async\" src=\"https:\/\/farm8.staticflickr.com\/7329\/16223659820_dc78ef541e_n.jpg\" width=\"320\" height=\"240\" alt=\"FIDAS TURI\" \/><\/p>\n","protected":false},"author":1,"featured_media":0,"comment_status":"open","ping_status":"closed","sticky":false,"template":"","format":"standard","meta":{"colormag_page_container_layout":"default_layout","colormag_page_sidebar_layout":"default_layout","footnotes":""},"categories":[7],"tags":[],"class_list":["post-12677","post","type-post","status-publish","format-standard","hentry","category-attualita"],"_links":{"self":[{"href":"https:\/\/archivioturi.lavocedelpaese.info\/index.php\/wp-json\/wp\/v2\/posts\/12677","targetHints":{"allow":["GET"]}}],"collection":[{"href":"https:\/\/archivioturi.lavocedelpaese.info\/index.php\/wp-json\/wp\/v2\/posts"}],"about":[{"href":"https:\/\/archivioturi.lavocedelpaese.info\/index.php\/wp-json\/wp\/v2\/types\/post"}],"author":[{"embeddable":true,"href":"https:\/\/archivioturi.lavocedelpaese.info\/index.php\/wp-json\/wp\/v2\/users\/1"}],"replies":[{"embeddable":true,"href":"https:\/\/archivioturi.lavocedelpaese.info\/index.php\/wp-json\/wp\/v2\/comments?post=12677"}],"version-history":[{"count":0,"href":"https:\/\/archivioturi.lavocedelpaese.info\/index.php\/wp-json\/wp\/v2\/posts\/12677\/revisions"}],"wp:attachment":[{"href":"https:\/\/archivioturi.lavocedelpaese.info\/index.php\/wp-json\/wp\/v2\/media?parent=12677"}],"wp:term":[{"taxonomy":"category","embeddable":true,"href":"https:\/\/archivioturi.lavocedelpaese.info\/index.php\/wp-json\/wp\/v2\/categories?post=12677"},{"taxonomy":"post_tag","embeddable":true,"href":"https:\/\/archivioturi.lavocedelpaese.info\/index.php\/wp-json\/wp\/v2\/tags?post=12677"}],"curies":[{"name":"wp","href":"https:\/\/api.w.org\/{rel}","templated":true}]}}