{"id":12670,"date":"2015-01-26T09:01:45","date_gmt":"2015-01-26T09:01:45","guid":{"rendered":"https:\/\/archivioturi.lavocedelpaese.info\/index.php\/2015\/01\/26\/da-lunedi-niente-servizi-per-il-cimitero\/"},"modified":"2015-01-26T09:01:45","modified_gmt":"2015-01-26T09:01:45","slug":"da-lunedi-niente-servizi-per-il-cimitero","status":"publish","type":"post","link":"https:\/\/archivioturi.lavocedelpaese.info\/index.php\/2015\/01\/26\/da-lunedi-niente-servizi-per-il-cimitero\/","title":{"rendered":"Da luned\u00ec niente servizi per il cimitero"},"content":{"rendered":"<p><img loading=\"lazy\" decoding=\"async\" src=\"https:\/\/farm8.staticflickr.com\/7287\/16369227231_6e76bf6053_m.jpg\" width=\"180\" height=\"240\" alt=\"Leo Spada\" \/><\/p>\n<p style=\"text-align: justify;\">Cinque mesi fa, grazie ad una delibera di marzo dell\u2019ex Commissario Prefettizio, Rossana Riflesso, Leo Spada riusc\u00ec a procedere ad una gara per affidare i servizi cimiteriali ad una cooperativa di tipo B per un periodo di cinque mesi,. Prima di allora, il cimiterio giaceva in uno stato di completo abbandono. Si trattava naturalmente di un bando provvisorio, che avrebbe avuto anche lo scopo di comprendere l\u2019efficacia di una simile azione. Riscontrati visibilmente dei risultati positivi, l\u2019Amministrazione pens\u00f2 bene di procedere ad una nuova gara di appalto, che avrebbe per\u00f2&nbsp; previsto un periodo di servizi di gran lunga pi\u00f9 esteso. Furono affidate all\u2019ufficio tecnico di competenza, quello dei lavori pubblici, le procedure per istruire il nuovo bando, con un lasso di tempo molto ampio per lavorarci su, poco meno di cinque mesi. Tuttavia, trascorso questo periodo, il delegato ai servizi cimiteriali Leo Spada ci riferisce che proprio l\u2019ufficio tecnico non sarebbe riuscito a fare il nuovo bando e che, proprio per questo, a partire da luned\u00ec prossimo, non ci sar\u00e0 nessuno ad occuparsi del cimitero. L\u2019ufficio tecnico si sarebbe giustificato \u2013 sempre secondo quanto riportato da Spada \u2013 affermando di non avrebbe fatto in tempo, che se ne sarebbe addirittura dimenticato.<\/p>\n<p style=\"text-align: justify;\">E ci sarebbe dell\u2019altro. Leo Spada ci racconta che da ottobre, da quando \u00e8 scaduta la manutenzione elettrica, lo stesso ufficio tecnico non ha mai voluto procedere ad un nuovo bando di gara, anzi \u201cil funzionario dei lavori pubblici avrebbe volutamente detto di non volerlo fare, promettendo di trovare un\u2019altra soluzione, che allo stato attuale ancora non c\u2019\u00e8. Ci sono lotti interi senza luce e circa duecento lampade votive fulminate e non si sa per quanto tempo dovranno restare cos\u00ec\u201d \u2013 aggiunge Spada, sempre pi\u00f9 indignato.<\/p>\n<p style=\"text-align: justify;\">A queste mancanze, si aggiungerebbero anche tutti quei lavori per cui, una volta dati gli indirizzi politici da parte dell\u2019amministrazione, non si riesce a capire come mai neanche la progettazione sia stata data in affidamento. \u201c\u00c8 tutto fermo, seppure gli indirizzi politici siano stati dati da tutti\u201d.<\/p>\n<p style=\"text-align: justify;\">Ci sarebbero anche dei mezzi in dotazione all\u2019ufficio tecnico, che pare non possano essere messi su strada perch\u00e9 sprovvisti di assicurazione. &nbsp;E anche in questo caso insorge Spada: \u201cCome mai da maggio non riusciamo ancora a mettere su strada questi mezzi? Ma \u00e8 cos\u00ec difficile fare l\u2019assicurazione? Credo che siamo arrivati al limite. Chi sbaglia si deve assumere le responsabilit\u00e0 degli errori commessi perch\u00e9 non \u00e8 giusto che debbano sempre ricadere sul cittadino. Noi l\u2019impegno lo stiamo vedendo, ma non ci sono i risultati. Resta il fatto che l\u2019ufficio tecnico \u00e8 stato, \u00e8 e continuer\u00e0 ad essere il neo del Comune di Turi\u201d.<\/p>\n<p style=\"text-align: justify;\">L\u2019indirizzo politico, dunque, sarebbe stato dato. \u201c\u00c8 la macchina amministrativa che \u00e8 inceppata da qualche parte e non si riesce a sbloccare\u201d.<\/p>\n<p style=\"text-align: justify;\">Anche con l\u2019ufficio tecnico che si occupa di urbanistica sarebbero sorti problemi: \u201cNon si riescono a dare pi\u00f9 concessioni edilizie, bloccando in questo modo la riscossione degli oneri di urbanizzazione e obbligando l\u2019amministrazione ad aumentare i tributi. Il responsabile dell\u2019 urbanistica trova le norme che vietano le cose e non quelle che le agevolano. Anzich\u00e9 trovare le soluzioni, trova i problemi. Siamo fermi anche qui. Ma dove vogliamo arrivare? \u00c8 arrivato il momento che i funzionari diano conto del loro operato. \u00c8 ovvio che non ne faccio di tutta l\u2019erba un fascio. Ci sono moltissime persone che lavorano e fanno molto di pi\u00f9 di quanto dovrebbe. Sicuramente l\u2019ufficio tecnico lavora, ma non garantisce quello che dovrebbe garantire. Troppo lavoro dichiarato, poche cose realizzate\u201d.<\/p>\n","protected":false},"excerpt":{"rendered":"<p><img loading=\"lazy\" decoding=\"async\" src=\"https:\/\/farm8.staticflickr.com\/7287\/16369227231_6e76bf6053_m.jpg\" width=\"180\" height=\"240\" alt=\"Leo Spada\" \/><\/p>\n","protected":false},"author":1,"featured_media":0,"comment_status":"open","ping_status":"closed","sticky":false,"template":"","format":"standard","meta":{"colormag_page_container_layout":"default_layout","colormag_page_sidebar_layout":"default_layout","footnotes":""},"categories":[4],"tags":[],"class_list":["post-12670","post","type-post","status-publish","format-standard","hentry","category-politica"],"_links":{"self":[{"href":"https:\/\/archivioturi.lavocedelpaese.info\/index.php\/wp-json\/wp\/v2\/posts\/12670","targetHints":{"allow":["GET"]}}],"collection":[{"href":"https:\/\/archivioturi.lavocedelpaese.info\/index.php\/wp-json\/wp\/v2\/posts"}],"about":[{"href":"https:\/\/archivioturi.lavocedelpaese.info\/index.php\/wp-json\/wp\/v2\/types\/post"}],"author":[{"embeddable":true,"href":"https:\/\/archivioturi.lavocedelpaese.info\/index.php\/wp-json\/wp\/v2\/users\/1"}],"replies":[{"embeddable":true,"href":"https:\/\/archivioturi.lavocedelpaese.info\/index.php\/wp-json\/wp\/v2\/comments?post=12670"}],"version-history":[{"count":0,"href":"https:\/\/archivioturi.lavocedelpaese.info\/index.php\/wp-json\/wp\/v2\/posts\/12670\/revisions"}],"wp:attachment":[{"href":"https:\/\/archivioturi.lavocedelpaese.info\/index.php\/wp-json\/wp\/v2\/media?parent=12670"}],"wp:term":[{"taxonomy":"category","embeddable":true,"href":"https:\/\/archivioturi.lavocedelpaese.info\/index.php\/wp-json\/wp\/v2\/categories?post=12670"},{"taxonomy":"post_tag","embeddable":true,"href":"https:\/\/archivioturi.lavocedelpaese.info\/index.php\/wp-json\/wp\/v2\/tags?post=12670"}],"curies":[{"name":"wp","href":"https:\/\/api.w.org\/{rel}","templated":true}]}}