{"id":12666,"date":"2015-01-27T18:00:43","date_gmt":"2015-01-27T18:00:43","guid":{"rendered":"https:\/\/archivioturi.lavocedelpaese.info\/index.php\/2015\/01\/27\/coppi-ci-sono-i-presupposti-per-lavorare-bene\/"},"modified":"2015-01-27T18:00:43","modified_gmt":"2015-01-27T18:00:43","slug":"coppi-ci-sono-i-presupposti-per-lavorare-bene","status":"publish","type":"post","link":"https:\/\/archivioturi.lavocedelpaese.info\/index.php\/2015\/01\/27\/coppi-ci-sono-i-presupposti-per-lavorare-bene\/","title":{"rendered":"Coppi: ci sono i presupposti per lavorare bene"},"content":{"rendered":"<p><img loading=\"lazy\" decoding=\"async\" src=\"https:\/\/farm8.staticflickr.com\/7295\/15742909414_7bd6669d63_n.jpg\" width=\"320\" height=\"240\" alt=\"Sindaco\" \/><\/p>\n<p style=\"text-align: justify;\">Domenica si \u00e8 svolto il congresso del circolo PD di Turi. La soddisfazione per il lavoro svolto e per le prospettive future \u00e8 incontenibile tra tutti i tesserati. Anche dalle parole del sindaco emerge una visione positiva e ottimista. Lo intervistiamo ponendo in risalto non solo la sua carica, ma anche il suo ruolo di militante del Partito Democratico.<\/p>\n<p style=\"text-align: justify;\"><strong>Sindaco, ci pu\u00f2 commentare quanto avvenuto nel congresso di domenica?<\/strong><\/p>\n<p style=\"text-align: justify;\">\u201cIo credo che sia stata un\u2019ottima operazione, mi sembra che ora il PD abbia una consistenza da partito importante, come giusto che sia. Ho visto che oltre al segretario ci sono persone giovani, professionisti: insomma, siamo ora di fronte a un partito pi\u00f9 grande che pu\u00f2 essere di grande supporto all\u2019azione dell\u2019amministrazione, ma anche e soprattutto una fonte di suggerimenti rispetto alle tematiche da affrontare. Avere un partito forte significa avere delle antenne accese tra la gente, perch\u00e9 i partiti sono soprattutto questo, una rappresentanza a diretto contatto con i cittadini. Il PD pu\u00f2 dare un valido aiuto da questo punto di vista\u201d.<\/p>\n<p style=\"text-align: justify;\"><strong>Cosa pensa dei risultati finali di questo lungo commissariamento?<\/strong><\/p>\n<p style=\"text-align: justify;\">\u201cGuardando i risultati finali, mi sembrano estremamente positivi: basti pensare al fatto che tra Partito Democratico e Giovani Democratici ci siano pi\u00f9 di 100 iscritti, la dice lunga, dato che di questi tempi non \u00e8 una cosa molto frequente. Abbiamo poi nel coordinamento dieci uomini e dieci donne, come il nostro statuto prevede, nel rispetto dei generi. Reputo positivo che si faccia avanti una nuova classe dirigente, che per\u00f2 ha saputo tenere presenti anche coloro che nel corso degli anni hanno sempre tenuto la luce accesa, quelli che noi chiamiamo gli \u201cstorici\u201d del partito. Sembra che si sia trovato un buon equilibrio. Ci sono tutti i presupposti per lavorare bene, per rendere il PD un grande partito\u201d.<\/p>\n<p style=\"text-align: justify;\"><strong>Pu\u00f2 dirci la sua sulla situazione politica attuale in vista delle prossime regionali?<\/strong><\/p>\n<p style=\"text-align: justify;\">\u201cVedo che il centrosinistra ha gi\u00e0 scelto il suo candidato, Emiliano, delle primarie molto partecipate e questo \u00e8 un fatto sempre positivo. Il centrodestra \u00e8 in difficolt\u00e0 nella scelta del suo candidato perch\u00e9 probabilmente non ci sono idee chiare rispetto a dove andare a finire. Comunque, e parlo da militante del centrosinistra, questo non deve portarci a considerare che le elezioni siano gi\u00e0 vinte; credo che il centrodestra in Puglia abbia sempre una sua presenza importante e che quindi le elezioni vadano fatte e vadano vinte, tenendo sempre alta la soglia di attenzione e alto il livello di partecipazione\u201d.<\/p>\n<p style=\"text-align: justify;\"><strong>Cosa pensa dell\u2019amministrazione regionale uscente?<\/strong><\/p>\n<p style=\"text-align: justify;\">\u201cPenso che in questi dieci anni di amministrazione regionale del centrosinistra la Puglia abbia fatto un grande passo in avanti e che non si debba interrompere questo processo. Certo, c\u2019\u00e8 bisogno di alcuni aggiustamenti su svariate questioni, &nbsp;per\u00f2 non dobbiamo dimenticare che cosa era la Puglia dieci anni fa e cosa \u00e8 oggi. Oggi \u00e8 una delle Regioni di maggiore attrazione turistica e ha l\u2019attenzione di tutti i media, \u00e8 sicuramente la regione meridionale pi\u00f9 dinamica. Va sottolineata poi una scelta fatta, che forse viene un po\u2019 misconosciuta, ed \u00e8 quella del ruolo che ha avuto il cinema. Sono stati tanti i film girati nella nostra terra e che hanno mostrato la Puglia in Italia e nel mondo: il tutto \u00e8 stato reso possibile grazie ai finanziamenti che la Regione ha messo a disposizione per le attivit\u00e0 cinematografiche, che dovevano fungere da tramite, cos\u00ec come l\u2019arrivo di Ryanair. C\u2019\u00e8 stato un grande lavoro che ha portato molta dinamicit\u00e0, per lo meno per ci\u00f2 che compete il Mezzogiorno d\u2019Italia. Siamo ancora in trasformazione e naturalmente va proseguita questa strada gi\u00e0 avviata\u201d.<\/p>\n","protected":false},"excerpt":{"rendered":"<p><img loading=\"lazy\" decoding=\"async\" src=\"https:\/\/farm8.staticflickr.com\/7295\/15742909414_7bd6669d63_n.jpg\" width=\"320\" height=\"240\" alt=\"Sindaco\" \/><\/p>\n","protected":false},"author":1,"featured_media":0,"comment_status":"open","ping_status":"closed","sticky":false,"template":"","format":"standard","meta":{"colormag_page_container_layout":"default_layout","colormag_page_sidebar_layout":"default_layout","footnotes":""},"categories":[4],"tags":[],"class_list":["post-12666","post","type-post","status-publish","format-standard","hentry","category-politica"],"_links":{"self":[{"href":"https:\/\/archivioturi.lavocedelpaese.info\/index.php\/wp-json\/wp\/v2\/posts\/12666","targetHints":{"allow":["GET"]}}],"collection":[{"href":"https:\/\/archivioturi.lavocedelpaese.info\/index.php\/wp-json\/wp\/v2\/posts"}],"about":[{"href":"https:\/\/archivioturi.lavocedelpaese.info\/index.php\/wp-json\/wp\/v2\/types\/post"}],"author":[{"embeddable":true,"href":"https:\/\/archivioturi.lavocedelpaese.info\/index.php\/wp-json\/wp\/v2\/users\/1"}],"replies":[{"embeddable":true,"href":"https:\/\/archivioturi.lavocedelpaese.info\/index.php\/wp-json\/wp\/v2\/comments?post=12666"}],"version-history":[{"count":0,"href":"https:\/\/archivioturi.lavocedelpaese.info\/index.php\/wp-json\/wp\/v2\/posts\/12666\/revisions"}],"wp:attachment":[{"href":"https:\/\/archivioturi.lavocedelpaese.info\/index.php\/wp-json\/wp\/v2\/media?parent=12666"}],"wp:term":[{"taxonomy":"category","embeddable":true,"href":"https:\/\/archivioturi.lavocedelpaese.info\/index.php\/wp-json\/wp\/v2\/categories?post=12666"},{"taxonomy":"post_tag","embeddable":true,"href":"https:\/\/archivioturi.lavocedelpaese.info\/index.php\/wp-json\/wp\/v2\/tags?post=12666"}],"curies":[{"name":"wp","href":"https:\/\/api.w.org\/{rel}","templated":true}]}}