{"id":12661,"date":"2015-01-28T18:42:40","date_gmt":"2015-01-28T18:42:40","guid":{"rendered":"https:\/\/archivioturi.lavocedelpaese.info\/index.php\/2015\/01\/28\/risplendente-chiarezza-di-posizioni-e-un-partito-forte\/"},"modified":"2015-01-28T18:42:40","modified_gmt":"2015-01-28T18:42:40","slug":"risplendente-chiarezza-di-posizioni-e-un-partito-forte","status":"publish","type":"post","link":"https:\/\/archivioturi.lavocedelpaese.info\/index.php\/2015\/01\/28\/risplendente-chiarezza-di-posizioni-e-un-partito-forte\/","title":{"rendered":"Risplendente: Chiarezza di posizioni e un partito forte"},"content":{"rendered":"<p><img loading=\"lazy\" decoding=\"async\" src=\"https:\/\/farm8.staticflickr.com\/7460\/16339230266_c230336336_m.jpg\" width=\"180\" height=\"240\" alt=\"Pietro Risplendente\" \/><\/p>\n<p style=\"text-align: justify;\">\u201cRitengo che stiamo vivendo una sorta di trasformazione antropologica del nostro partito. Questa trasformazione non mi piace e in parte mi preoccupa, perch\u00e9 quando ci si trova di fronte a delle trasformazioni ognuno di noi fa i conti con la propria storia\u201d. Esordisce cos\u00ec il dott. Risplendente, in un intervento carico di significati e anche di ammonimenti. Parte da alcune parole pronunciate durante la conferenza stampa di Cofferati, di cui \u2013 precisa \u2013 non condivide le dimissioni:&nbsp; \u201cStiamo lasciando al centrodestra la possibilit\u00e0 di scegliere gli esponenti del Partito democratico. \u00c8 inaccettabile\u201d. E, secondo risplendente, la storia politica del partito democratico qui a Turi negli ultimi anni sarebbe proprio la stessa, riassunta in quelle brevi battute: dalle primarie che lo hanno contrapposto a Mirco Catalano, fino alle ultime, quelle che hanno decretato Michele Emiliano candidato presidente della Regione Puglia per il centrosinistra, \u201ccon esponenti del centrodestra che nel chiacchiericcio si sono anche arrogati il merito di aver contribuito attivamente a quel successo \u2013 aggiunge \u2013. Basti ricordare, con tutta la carica polemica che pu\u00f2 avere quello che vi sto dicendo, chi \u00e8 andato a salutare Emiliano quando veniva qui a Turi, ospite del suo comitato, non certamente del circolo del Partito Democratico, prima di incontrare la cittadinanza nel bar quella sera\u201d. E infine un appello: \u201cChiedo al nostro candidato segretario che si faccia chiarezza sulla posizione politica del circolo PD a Turi, che si faccia chiarezza sull\u2019ambito politico all\u2019interno del quale ci si muover\u00e0. Non un dubbio deve assalire i nostri iscritti, non un dubbio deve assalire i nostri elettori. La chiarezza delle proprie posizioni \u00e8 garanzia della coerenza, dell\u2019operato degli eletti con il programma proposto. Ti chiedo, insieme agli altri \u201cvecchi\u201d esponenti della politica, di non bruciare la casa che noi abbiamo mantenuto aperta per tenere viva la presenza del circolo PD, che ho sempre definito un baluardo, una testimonianza di democrazia in questo paese\u201d. L\u2019avv. Gravinese, di cui Risplendente ha appoggiato la candidatura, dovr\u00e0 coniugare entusiasmo ed esperienza, cos\u00ec da poter guidare anche le nuove file dei giovani, che imparino ad essere e a fare, non solo a dire. Infine Risplendente fa un salto nel passato recente, quello delle amministrative 2014: \u201cLa lista del PD alle amministrative non \u00e8 stata presentata, \u00e8 vero, ma di certo non perch\u00e9 i \u201cvecchi della politica\u201d non erano in grado di farlo. Non \u00e8 stata presentata perch\u00e9 i cosiddetti \u201cnuovi\u201d, i cosiddetti \u201cvenditori di materassi\u201d che sedevano nel coordinamento, non sono stati capaci di esprimere concettualit\u00e0 politiche e conseguentemente di intercettare persone interessate a trasformare quel progetto in realt\u00e0. Non ce ne siamo andati, non ce ne andremo, ma pretendo che il segretario del circolo dia a questa cittadinanza messaggi chiari e possa finalmente costruire un PD forte, capace di influenzare, di proporre. Per questo, e parlo anche a nome dei cosiddetti \u201cstorici\u201d, rimarremo, ma a patto che si faccia davvero un grande partito\u201d.<\/p>\n","protected":false},"excerpt":{"rendered":"<p><img loading=\"lazy\" decoding=\"async\" src=\"https:\/\/farm8.staticflickr.com\/7460\/16339230266_c230336336_m.jpg\" width=\"180\" height=\"240\" alt=\"Pietro Risplendente\" \/><\/p>\n","protected":false},"author":1,"featured_media":0,"comment_status":"open","ping_status":"closed","sticky":false,"template":"","format":"standard","meta":{"colormag_page_container_layout":"default_layout","colormag_page_sidebar_layout":"default_layout","footnotes":""},"categories":[4],"tags":[],"class_list":["post-12661","post","type-post","status-publish","format-standard","hentry","category-politica"],"_links":{"self":[{"href":"https:\/\/archivioturi.lavocedelpaese.info\/index.php\/wp-json\/wp\/v2\/posts\/12661","targetHints":{"allow":["GET"]}}],"collection":[{"href":"https:\/\/archivioturi.lavocedelpaese.info\/index.php\/wp-json\/wp\/v2\/posts"}],"about":[{"href":"https:\/\/archivioturi.lavocedelpaese.info\/index.php\/wp-json\/wp\/v2\/types\/post"}],"author":[{"embeddable":true,"href":"https:\/\/archivioturi.lavocedelpaese.info\/index.php\/wp-json\/wp\/v2\/users\/1"}],"replies":[{"embeddable":true,"href":"https:\/\/archivioturi.lavocedelpaese.info\/index.php\/wp-json\/wp\/v2\/comments?post=12661"}],"version-history":[{"count":0,"href":"https:\/\/archivioturi.lavocedelpaese.info\/index.php\/wp-json\/wp\/v2\/posts\/12661\/revisions"}],"wp:attachment":[{"href":"https:\/\/archivioturi.lavocedelpaese.info\/index.php\/wp-json\/wp\/v2\/media?parent=12661"}],"wp:term":[{"taxonomy":"category","embeddable":true,"href":"https:\/\/archivioturi.lavocedelpaese.info\/index.php\/wp-json\/wp\/v2\/categories?post=12661"},{"taxonomy":"post_tag","embeddable":true,"href":"https:\/\/archivioturi.lavocedelpaese.info\/index.php\/wp-json\/wp\/v2\/tags?post=12661"}],"curies":[{"name":"wp","href":"https:\/\/api.w.org\/{rel}","templated":true}]}}