{"id":12660,"date":"2015-01-28T16:41:14","date_gmt":"2015-01-28T16:41:14","guid":{"rendered":"https:\/\/archivioturi.lavocedelpaese.info\/index.php\/2015\/01\/28\/zita-si-deve-poter-decidere-insieme\/"},"modified":"2015-01-28T16:41:14","modified_gmt":"2015-01-28T16:41:14","slug":"zita-si-deve-poter-decidere-insieme","status":"publish","type":"post","link":"https:\/\/archivioturi.lavocedelpaese.info\/index.php\/2015\/01\/28\/zita-si-deve-poter-decidere-insieme\/","title":{"rendered":"Zita: \u201cSi deve poter decidere insieme\u201d"},"content":{"rendered":"<p><img loading=\"lazy\" decoding=\"async\" src=\"https:\/\/farm9.staticflickr.com\/8623\/16177561348_dcd9c995b9_n.jpg\" width=\"320\" height=\"240\" alt=\"Nicola Zita\" \/><\/p>\n<p style=\"text-align: justify;\">Tanti gli auguri nell\u2019intervento del militante PD Nicola Zita: dall\u2019avv. Gravinese, al neo coordinamento e alla futura segreteria, dal sindaco Coppi alla consigliera Arianna Gasparro. Agli auguri, per\u00f2, seguono le scuse: \u201cVorrei iniziare scusandomi con i due consiglieri del Partito Democratico che non sono stati eletti, Pietro Risplendente e Gabriele Dell\u2019Aera. Voglio scusarmi perch\u00e9 non abbiamo fatto abbastanza per farli eleggere e per poter avere un vero gruppo consiliare del Partito Democratico. Vorrei scusarmi anche con Annarita Rossi per come \u00e8 stata trattata nell\u2019ultimo anno e mezzo e auspico che il progetto politico del neo segretario, qualunque esso sia, non sia ostacolato da parasegretari che agiscono nell\u2019ombra e parlano a nome del Partito Democratico\u201d. Parole di rimprovero&nbsp; anche per l\u2019Amministrazione, che seppur si sia trovata a fare i conti con una situazione disastrosa, ha avuto allo stesso tempo una \u201cdisastrosa gestione comunicativa della questione tasse\u201d anche all\u2019interno dello stesso partito di cui il Sindaco fa parte: \u201cNon \u00e8 possibile fare un comizio dopo aver approvato le tasse. Non \u00e8 possibile venire nel partito e fare la relazione di Tarsu, Tasi, Imu e andarsene senza poter dire \u201ca\u201d, senza poter chiedere di migliorare soglie ed esenzioni. Il partito non pu\u00f2 essere il luogo dove certificare decisioni prese altrove, ma deve essere corresponsabile di quelle decisioni. Si deve poter decidere insieme. Infine si avvia a conclusione, con la speranza che le promesse fatte, non rimangano appunto tali: \u201cIn questo momento di crisi di partecipazione dobbiamo evitare di disperdere tutto il lavoro fatto in questi mesi. Dobbiamo evitare di non attuare una partecipazione promessa. Se io chiamo un cittadino solo per vendergli qualcosa, e mai per co-costruire, presto non avremo pi\u00f9 nessuno che si interesser\u00e0 di cosa pubblica. La sfiducia diventer\u00e0 irreversibile e sar\u00e0 ormai troppo tardi. Spero che quanto successo negli ultimi mesi non avvenga nei prossimi, perch\u00e9 se cos\u00ec fosse spianeremmo la strada all\u2019opposizione per poter sparlare dell\u2019amministrazione. Per questo dico, auguri Menino e auguri Giuseppe perch\u00e8 il lavoro sar\u00e0 tanto\u201d.<\/p>\n","protected":false},"excerpt":{"rendered":"<p><img loading=\"lazy\" decoding=\"async\" src=\"https:\/\/farm9.staticflickr.com\/8623\/16177561348_dcd9c995b9_n.jpg\" width=\"320\" height=\"240\" alt=\"Nicola Zita\" \/><\/p>\n","protected":false},"author":1,"featured_media":0,"comment_status":"open","ping_status":"closed","sticky":false,"template":"","format":"standard","meta":{"colormag_page_container_layout":"default_layout","colormag_page_sidebar_layout":"default_layout","footnotes":""},"categories":[4],"tags":[],"class_list":["post-12660","post","type-post","status-publish","format-standard","hentry","category-politica"],"_links":{"self":[{"href":"https:\/\/archivioturi.lavocedelpaese.info\/index.php\/wp-json\/wp\/v2\/posts\/12660","targetHints":{"allow":["GET"]}}],"collection":[{"href":"https:\/\/archivioturi.lavocedelpaese.info\/index.php\/wp-json\/wp\/v2\/posts"}],"about":[{"href":"https:\/\/archivioturi.lavocedelpaese.info\/index.php\/wp-json\/wp\/v2\/types\/post"}],"author":[{"embeddable":true,"href":"https:\/\/archivioturi.lavocedelpaese.info\/index.php\/wp-json\/wp\/v2\/users\/1"}],"replies":[{"embeddable":true,"href":"https:\/\/archivioturi.lavocedelpaese.info\/index.php\/wp-json\/wp\/v2\/comments?post=12660"}],"version-history":[{"count":0,"href":"https:\/\/archivioturi.lavocedelpaese.info\/index.php\/wp-json\/wp\/v2\/posts\/12660\/revisions"}],"wp:attachment":[{"href":"https:\/\/archivioturi.lavocedelpaese.info\/index.php\/wp-json\/wp\/v2\/media?parent=12660"}],"wp:term":[{"taxonomy":"category","embeddable":true,"href":"https:\/\/archivioturi.lavocedelpaese.info\/index.php\/wp-json\/wp\/v2\/categories?post=12660"},{"taxonomy":"post_tag","embeddable":true,"href":"https:\/\/archivioturi.lavocedelpaese.info\/index.php\/wp-json\/wp\/v2\/tags?post=12660"}],"curies":[{"name":"wp","href":"https:\/\/api.w.org\/{rel}","templated":true}]}}