{"id":12658,"date":"2015-01-30T04:36:27","date_gmt":"2015-01-30T04:36:27","guid":{"rendered":"https:\/\/archivioturi.lavocedelpaese.info\/index.php\/2015\/01\/30\/non-siamo-ultra-negli-stadi\/"},"modified":"2015-01-30T04:36:27","modified_gmt":"2015-01-30T04:36:27","slug":"non-siamo-ultra-negli-stadi","status":"publish","type":"post","link":"https:\/\/archivioturi.lavocedelpaese.info\/index.php\/2015\/01\/30\/non-siamo-ultra-negli-stadi\/","title":{"rendered":"\u201cNon siamo ultr\u00e0 negli stadi\u201d"},"content":{"rendered":"<p><img loading=\"lazy\" decoding=\"async\" src=\"https:\/\/farm8.staticflickr.com\/7290\/15745149003_c63ff6a9a1_n.jpg\" alt=\"Valery Degrisantis\" width=\"320\" height=\"240\" \/><\/p>\n<p><img loading=\"lazy\" decoding=\"async\" style=\"margin-top: 10px; margin-bottom: 10px; margin-left: 10px; float: right;\" src=\"https:\/\/farm9.staticflickr.com\/8654\/16177492768_96b19f9b91_n.jpg\" alt=\"Giuseppe De Pasquale\" width=\"320\" height=\"240\" \/><\/p>\n<p style=\"text-align: justify;\">Soddisfazione, \u00e8 quello che si percepisce dai sorrisi e dalle parole dei tesserati PD, \u201cstorici\u201d e non, che hanno deciso di riporre grande fiducia su questo nuovo indirizzo di rotta. Il primo ad intervenire in tal senso \u00e8 Pino De Pasquale, il cui augurio \u00e8 quello di iniziare a lavorare fin da subito: \u201cHo letto e condivido appieno tutta la tua mozione\u201d. Infine ammonisce: \u201cChi far\u00e0 parte del coordinamento, dovr\u00e0 essere presente sempre\u201d. E suggerisce a Gravinese di aggiungere questa \u201cpostilla\u201d alla sua mozione. Infine manifesta tutta la sua disponibilit\u00e0 al neo segretario, soprattutto per quel che concerne i tavoli di lavoro per la sanit\u00e0. Ringrazia anche Saverio Campanella per il lavoro svolto e si dice felicissimo dei numeri che il circolo ha raggiunto.<\/p>\n<p><img loading=\"lazy\" decoding=\"async\" style=\"margin-top: 10px; margin-right: 10px; margin-bottom: 10px; float: left;\" src=\"https:\/\/farm8.staticflickr.com\/7453\/16178902309_b3325b9859_n.jpg\" alt=\"Marilena Lerede\" width=\"320\" height=\"240\" \/><\/p>\n<p style=\"text-align: justify;\">Marilena Lerede \u00e8 una nuova iscritta. Il suo intervento si volge principalmente in difesa del Sindaco e contro chi fa della politica uno \u201cstadio per ultr\u00e0\u201d: \u201cNoi abbiamo bisogno del \u2018vecchio\u2019 per imparare. Al massimo dobbiamo eliminare il \u2018vecchio marcio\u2019\u201d. Menino ha esperienza da vendere rispetto a giovani presuntuosi che credono di sapere, invece non sanno assolutamente nulla. \u201cVinceremo\u201d si dice. Ma forse non abbiamo capito: qui c\u2019\u00e8 il bisogno di salvaguardare Turi. Qua non \u00e8 che si vanno a vincere chiss\u00e0 quanti miliardi di euro, qua si va a lavorare. L\u2019attuale amministrazione si trova un fardello sulle spalle di cui ben pochi ne conoscono la vera entit\u00e0. Non siamo di certo ultr\u00e0 negli stadi, non si vince nessuna medaglia. L\u2019unica medaglia che possiamo vincere, \u00e8 quella di vivere meglio e soprattutto far vivere meglio i nostri figli\u201d. Infine un appello viene rivolto alle &nbsp;altre forze politiche per una collaborazione massima.<\/p>\n<p><img loading=\"lazy\" decoding=\"async\" src=\"https:\/\/farm9.staticflickr.com\/8612\/16339149136_50234067b9_n.jpg\" alt=\"Menino Coppi\" width=\"320\" height=\"240\" style=\"margin-top: 10px; margin-bottom: 10px; margin-left: 10px; float: right;\" \/><\/p>\n<p style=\"text-align: justify;\">Prende la parola anche Valery Degrisantis, esponente dei Giovani Democratici: \u201cSiamo una ventina di ragazzi pronti a collaborare con il PD. Con la nostra partecipazione vogliamo dare un nuovo entusiasmo alla comunit\u00e0 del partito e affiancheremo con la nostra voglia di fare il nuovo segretario. Bisogna essere vicini alla cittadinanza. Il Partito Democratico dal nostro punto di vista deve essere un modem, un ponte di collegamento tra l\u2019Amministrazione e la cittadinanza. In bocca al lupo a Gravinese\u201d.<\/p>\n","protected":false},"excerpt":{"rendered":"<p><img loading=\"lazy\" decoding=\"async\" src=\"https:\/\/farm8.staticflickr.com\/7290\/15745149003_c63ff6a9a1_n.jpg\" alt=\"Valery Degrisantis\" width=\"320\" height=\"240\" \/><\/p>\n","protected":false},"author":1,"featured_media":0,"comment_status":"open","ping_status":"closed","sticky":false,"template":"","format":"standard","meta":{"colormag_page_container_layout":"default_layout","colormag_page_sidebar_layout":"default_layout","footnotes":""},"categories":[4],"tags":[],"class_list":["post-12658","post","type-post","status-publish","format-standard","hentry","category-politica"],"_links":{"self":[{"href":"https:\/\/archivioturi.lavocedelpaese.info\/index.php\/wp-json\/wp\/v2\/posts\/12658","targetHints":{"allow":["GET"]}}],"collection":[{"href":"https:\/\/archivioturi.lavocedelpaese.info\/index.php\/wp-json\/wp\/v2\/posts"}],"about":[{"href":"https:\/\/archivioturi.lavocedelpaese.info\/index.php\/wp-json\/wp\/v2\/types\/post"}],"author":[{"embeddable":true,"href":"https:\/\/archivioturi.lavocedelpaese.info\/index.php\/wp-json\/wp\/v2\/users\/1"}],"replies":[{"embeddable":true,"href":"https:\/\/archivioturi.lavocedelpaese.info\/index.php\/wp-json\/wp\/v2\/comments?post=12658"}],"version-history":[{"count":0,"href":"https:\/\/archivioturi.lavocedelpaese.info\/index.php\/wp-json\/wp\/v2\/posts\/12658\/revisions"}],"wp:attachment":[{"href":"https:\/\/archivioturi.lavocedelpaese.info\/index.php\/wp-json\/wp\/v2\/media?parent=12658"}],"wp:term":[{"taxonomy":"category","embeddable":true,"href":"https:\/\/archivioturi.lavocedelpaese.info\/index.php\/wp-json\/wp\/v2\/categories?post=12658"},{"taxonomy":"post_tag","embeddable":true,"href":"https:\/\/archivioturi.lavocedelpaese.info\/index.php\/wp-json\/wp\/v2\/tags?post=12658"}],"curies":[{"name":"wp","href":"https:\/\/api.w.org\/{rel}","templated":true}]}}