{"id":12650,"date":"2015-01-29T06:03:49","date_gmt":"2015-01-29T06:03:49","guid":{"rendered":"https:\/\/archivioturi.lavocedelpaese.info\/index.php\/2015\/01\/29\/lute-chiede-una-sede\/"},"modified":"2015-01-29T06:03:49","modified_gmt":"2015-01-29T06:03:49","slug":"lute-chiede-una-sede","status":"publish","type":"post","link":"https:\/\/archivioturi.lavocedelpaese.info\/index.php\/2015\/01\/29\/lute-chiede-una-sede\/","title":{"rendered":"L\u2019Ute chiede una sede"},"content":{"rendered":"<p><img loading=\"lazy\" decoding=\"async\" src=\"https:\/\/farm8.staticflickr.com\/7384\/15741955024_59e7666b2b_n.jpg\" width=\"320\" height=\"213\" alt=\"La professoressa Vittore in una foto di repertorio\" \/><\/p>\n<p style=\"text-align: justify;\">Con il Concerto di Natale dello scorso 3 gennaio, l\u2019Ute di Turi ha chiuso in musica il suo 2014, pronta, per\u00f2 a preparasi per i prossimi appuntamenti che la vedr\u00e0 nuovamente protagonista ed accogliere i progetti discussi nell\u2019ultimo incontro con le Ute provinciali.<\/p>\n<p style=\"text-align: justify;\">Ad esprimerci il suo ringraziamento a quanti hanno preso parte alla serata, a Don Giovanni Amodio per la sua disponibilit\u00e0 e all\u2019Assessore Giusy Caldararo, la presidente della sezione turese, la prof.ssa Carmela Vittore. \u201c\u00c8 stata una grande emozione accogliere nella nostra Turi il coro di Mola e vedere la bella sintonia tra gli allievi delle due scuole\u201d \u2013 ha commentato la professoressa.<\/p>\n<p style=\"text-align: justify;\">Contenti dell\u2019accoglienza ricevuta, i coristi molesti, seguiti dalla vice presidente nazionale delle Federuni, la professoressa Giovanna Frallonardo, si sono detti pronti a tornare a Turi e ripetere una serata che ha entusiasmato pubblico e protagonisti.<\/p>\n<p style=\"text-align: justify;\">\u201cUnico nostro rammarico\u201d \u2013 prosegue con una nota di tristezza la professoressa Vittore \u2013 \u201c\u00e8 non avere comunque uno spazio a noi riservato, dove svolgere le lezioni e i nostri laboratori, in aule idonee e con i tempi appropriati\u201d. Per ora ospitati presso alcune aule dell\u2019Istituto Comprensivo \u201cgrazie alla disponibilit\u00e0 del Dirigente Scolastico e del custode\u201d, l\u2019Ute di Turi \u00e8 ancora in attesa di ricevere risposte da parte dell\u2019Amministrazione, affinch\u00e8 si possa avere una nuova \u201ccasa\u201d dove poter lavorare in maniera opportuna. \u201cMolti materiali sono purtroppo depositati nelle case dei nostri corsisti e non possiamo neppure usufruirne al momento opportuno\u201d.<\/p>\n<p style=\"text-align: justify;\">La nostra vecchia sede, sarebbe stata la pi\u00f9 idonea ad ospitarci, ma \u00e8 stata destinata ad altro. Cos\u00ec ritorna: \u201cQuest\u2019anno non ho ancora fatto l\u2019inaugurazione dell\u2019anno accademico, ma non credo che lo far\u00f2 e pi\u00f9 passa il tempo, pi\u00f9 mi demoralizzo\u201d. \u201cCi raccontano che non ci sono altri locali, ma di fronte a questa indifferenza, non troviamo motivo di proseguire nel nostro percorso formativo\u201d \u2013 aggiunge indignata la Vittore. L\u2019Ute, come scuola di formazione e di crescita, e non spazio ludico d\u2019intrattenimento, come ha spiegato ancora la presidente, attende cos\u00ec una maggiore attenzione per portare a Turi e da Turi, una chiara dimostrazione di appartenenza ad una comunit\u00e0 riconosciuta in tutta Italia come sede scolastica per le diverse et\u00e0.<\/p>\n","protected":false},"excerpt":{"rendered":"<p><img loading=\"lazy\" decoding=\"async\" src=\"https:\/\/farm8.staticflickr.com\/7384\/15741955024_59e7666b2b_n.jpg\" width=\"320\" height=\"213\" alt=\"La professoressa Vittore in una foto di repertorio\" \/><\/p>\n","protected":false},"author":1,"featured_media":0,"comment_status":"open","ping_status":"closed","sticky":false,"template":"","format":"standard","meta":{"colormag_page_container_layout":"default_layout","colormag_page_sidebar_layout":"default_layout","footnotes":""},"categories":[7],"tags":[],"class_list":["post-12650","post","type-post","status-publish","format-standard","hentry","category-attualita"],"_links":{"self":[{"href":"https:\/\/archivioturi.lavocedelpaese.info\/index.php\/wp-json\/wp\/v2\/posts\/12650","targetHints":{"allow":["GET"]}}],"collection":[{"href":"https:\/\/archivioturi.lavocedelpaese.info\/index.php\/wp-json\/wp\/v2\/posts"}],"about":[{"href":"https:\/\/archivioturi.lavocedelpaese.info\/index.php\/wp-json\/wp\/v2\/types\/post"}],"author":[{"embeddable":true,"href":"https:\/\/archivioturi.lavocedelpaese.info\/index.php\/wp-json\/wp\/v2\/users\/1"}],"replies":[{"embeddable":true,"href":"https:\/\/archivioturi.lavocedelpaese.info\/index.php\/wp-json\/wp\/v2\/comments?post=12650"}],"version-history":[{"count":0,"href":"https:\/\/archivioturi.lavocedelpaese.info\/index.php\/wp-json\/wp\/v2\/posts\/12650\/revisions"}],"wp:attachment":[{"href":"https:\/\/archivioturi.lavocedelpaese.info\/index.php\/wp-json\/wp\/v2\/media?parent=12650"}],"wp:term":[{"taxonomy":"category","embeddable":true,"href":"https:\/\/archivioturi.lavocedelpaese.info\/index.php\/wp-json\/wp\/v2\/categories?post=12650"},{"taxonomy":"post_tag","embeddable":true,"href":"https:\/\/archivioturi.lavocedelpaese.info\/index.php\/wp-json\/wp\/v2\/tags?post=12650"}],"curies":[{"name":"wp","href":"https:\/\/api.w.org\/{rel}","templated":true}]}}