{"id":12644,"date":"2015-01-28T11:31:30","date_gmt":"2015-01-28T11:31:30","guid":{"rendered":"https:\/\/archivioturi.lavocedelpaese.info\/index.php\/2015\/01\/28\/mimpegno-a-lavorare-per-turi\/"},"modified":"2015-01-28T11:31:30","modified_gmt":"2015-01-28T11:31:30","slug":"mimpegno-a-lavorare-per-turi","status":"publish","type":"post","link":"https:\/\/archivioturi.lavocedelpaese.info\/index.php\/2015\/01\/28\/mimpegno-a-lavorare-per-turi\/","title":{"rendered":"\u201cM\u2019impegno a lavorare per Turi!\u201d"},"content":{"rendered":"<p><img loading=\"lazy\" decoding=\"async\" src=\"https:\/\/farm9.staticflickr.com\/8624\/16329457886_bd9d61cb8b_n.jpg\" alt=\"no did\" width=\"320\" height=\"240\" \/><\/p>\n<p style=\"text-align: justify;\">\u201cGioved\u00ec scorso ho incontrato il Sindaco al quale ho presentato alcune proposte\u201d \u2013 avvia cos\u00ec la nostra chiacchierata l\u2019ex consigliere comunale Natalino Ventrella. \u201cPrima fra tutte, ho fatto richiesta di svolgere consulenza gratuita per quanto riguarda la De.Co. per la quale ha perso negli ultimi anni, numerose possibilit\u00e0 di sviluppo\u201d.<\/p>\n<p><img loading=\"lazy\" decoding=\"async\" src=\"https:\/\/farm8.staticflickr.com\/7328\/16167812358_991a51ed2c_n.jpg\" alt=\"Ventrella tra i relatori\" width=\"320\" height=\"240\" style=\"margin-top: 10px; margin-bottom: 10px; margin-left: 10px; float: right;\" \/><\/p>\n<p style=\"text-align: justify;\">\u201cInoltre a lui ho parlato del Forum che poi si \u00e8 tenuto a Bari lo scorso sabato e durante il quale sono emerse importanti possibilit\u00e0 sui fondi comunitari\u201d. All\u2019incontro sono stati presenti anche la vicesindaco Lavinia Orlando e Vito Notarnicola, \u201cche hanno avuto modo di comprendere a fondo delle grandi possibilit\u00e0 che si prospettano per Turi\u201d. \u201cAvremmo a disposizione \u2013 ci spiega rapidamente il signor Ventrella &#8211; circa 80miliardi di euro, dei quali 24mld nell\u2019Italia meridionale, e che diverrebbero 48mld con un finanziamento degli Enti\u201d. Una prospettiva interessante, se non fosse che a tutto questo bisogna s\u00ec \u201ctrovare soggetti interessati a finanziamento, ma soprattutto giocare con rapidit\u00e0, perch\u00e9 i fondi non sono illimitati\u201d. \u201cIl nostro Consorzio \u2013 ha quindi aggiunto Ventrella &#8211; ha a disposizione contatti diretti per la gestione dei Fondi e mi sono messo a disposizione, se me ne danno l\u2019opportunit\u00e0, di lavorare per Turi, offrendole una possibilit\u00e0 per crescere e sviluppare lavoro\u201d. \u201cTutto questo \u2013 puntualizza Natalino Ventrella \u2013 non ha un fine personale, poich\u00e9 non ho intenzione di candidarmi in politica\u201d. \u201cSe mi danno la possibilit\u00e0 di collaborare, ne sar\u00f2 ben felice!\u201d.<\/p>\n<p style=\"text-align: justify;\">Che cosa porterebbe pertanto con la De.Co. a Turi? \u201cNon solo un marchio fine a se stesso, ma l\u2019opportunit\u00e0 di sviluppare un valore sia per la ciliegia, e sia per la faldacchea, cos\u00ec da crearne una piccola filiera agroalimentare e quindi dare possibilit\u00e0 lavorative e di crescita per Turi\u201d.<\/p>\n","protected":false},"excerpt":{"rendered":"<p><img loading=\"lazy\" decoding=\"async\" src=\"https:\/\/farm9.staticflickr.com\/8624\/16329457886_bd9d61cb8b_n.jpg\" alt=\"no did\" width=\"320\" height=\"240\" \/><\/p>\n","protected":false},"author":1,"featured_media":0,"comment_status":"open","ping_status":"closed","sticky":false,"template":"","format":"standard","meta":{"colormag_page_container_layout":"default_layout","colormag_page_sidebar_layout":"default_layout","footnotes":""},"categories":[4],"tags":[],"class_list":["post-12644","post","type-post","status-publish","format-standard","hentry","category-politica"],"_links":{"self":[{"href":"https:\/\/archivioturi.lavocedelpaese.info\/index.php\/wp-json\/wp\/v2\/posts\/12644","targetHints":{"allow":["GET"]}}],"collection":[{"href":"https:\/\/archivioturi.lavocedelpaese.info\/index.php\/wp-json\/wp\/v2\/posts"}],"about":[{"href":"https:\/\/archivioturi.lavocedelpaese.info\/index.php\/wp-json\/wp\/v2\/types\/post"}],"author":[{"embeddable":true,"href":"https:\/\/archivioturi.lavocedelpaese.info\/index.php\/wp-json\/wp\/v2\/users\/1"}],"replies":[{"embeddable":true,"href":"https:\/\/archivioturi.lavocedelpaese.info\/index.php\/wp-json\/wp\/v2\/comments?post=12644"}],"version-history":[{"count":0,"href":"https:\/\/archivioturi.lavocedelpaese.info\/index.php\/wp-json\/wp\/v2\/posts\/12644\/revisions"}],"wp:attachment":[{"href":"https:\/\/archivioturi.lavocedelpaese.info\/index.php\/wp-json\/wp\/v2\/media?parent=12644"}],"wp:term":[{"taxonomy":"category","embeddable":true,"href":"https:\/\/archivioturi.lavocedelpaese.info\/index.php\/wp-json\/wp\/v2\/categories?post=12644"},{"taxonomy":"post_tag","embeddable":true,"href":"https:\/\/archivioturi.lavocedelpaese.info\/index.php\/wp-json\/wp\/v2\/tags?post=12644"}],"curies":[{"name":"wp","href":"https:\/\/api.w.org\/{rel}","templated":true}]}}