{"id":12637,"date":"2015-01-26T09:02:47","date_gmt":"2015-01-26T09:02:47","guid":{"rendered":"https:\/\/archivioturi.lavocedelpaese.info\/index.php\/2015\/01\/26\/pasquale-del-re-a-casamassima-per-parlare-di-dialetto\/"},"modified":"2015-01-26T09:02:47","modified_gmt":"2015-01-26T09:02:47","slug":"pasquale-del-re-a-casamassima-per-parlare-di-dialetto","status":"publish","type":"post","link":"https:\/\/archivioturi.lavocedelpaese.info\/index.php\/2015\/01\/26\/pasquale-del-re-a-casamassima-per-parlare-di-dialetto\/","title":{"rendered":"Pasquale Del Re: a Casamassima per parlare di dialetto"},"content":{"rendered":"<p><img loading=\"lazy\" decoding=\"async\" src=\"https:\/\/farm9.staticflickr.com\/8637\/16355193735_446636e7b6_n.jpg\" alt=\"Durante la lettura in vernacolo\" width=\"320\" height=\"213\" \/><\/p>\n<p><img loading=\"lazy\" decoding=\"async\" style=\"margin-top: 10px; margin-bottom: 10px; margin-left: 10px; float: right;\" src=\"https:\/\/farm8.staticflickr.com\/7332\/16169001199_3bfb8cdbc0_n.jpg\" alt=\"Foto di rito\" width=\"320\" height=\"213\" \/><\/p>\n<p style=\"text-align: justify;\">\u201cDialettando in Peucetia\u201d \u00e8 stato il titolo di una manifestazione svoltasi lo scorso venerd\u00ec 16 gennaio a Casamassima. Ad organizzarlo, la Pro Loco della cittadina vicina e a parteciparvi le cinque Pro Loco di Peucetia: Acquaviva delle Fonti, Casamassima, Gioia del Colle, Sammichele di Bari e Turi.<\/p>\n<p style=\"text-align: justify;\">Una voce ha dato lustro al nostro dialetto, rappresentandoci e facendosi ascoltare, dal vasto pubblico presente nella sala Imperial. \u201cSono stato onorato di rappresentare Turi in questa manifestazione\u201d \u2013 ha commentato in prima battuta Pasquale Del Re, che ha parlato \u201cacc\u00f2me t\u2019\u00e8 fatte mam\u00e8te!\u201d.<\/p>\n<p style=\"text-align: justify;\">Per la \u201cGiornata del dialetto e delle lingue locali\u201d, il nostro concittadino Del Re, accompagnato dalla Pro Loco di Turi e la sua presidente, Rina Spinelli, ha letto due sue composizioni &#8220;Sp\u00e8ri\u00e8me ca ch\u00ecove&#8221; e &#8220;Nu sp\u00e8cchje and\u00ecche&#8221;, ricevendo, i complimenti di diversi ospiti.<\/p>\n<p><img loading=\"lazy\" decoding=\"async\" src=\"https:\/\/farm8.staticflickr.com\/7319\/15732771594_33a9389c91_n.jpg\" alt=\"I presidenti dell Pro Loco di Peucetia\" width=\"320\" height=\"213\" style=\"margin-top: 10px; margin-right: 10px; margin-bottom: 10px; float: left;\" \/><\/p>\n<p style=\"text-align: justify;\">Ma un po\u2019 di delusione traspare dalle sue parole, ripensando a come sia stata sviluppata l\u2019intera serata. &nbsp;\u201cPurtoppo non \u00e8 andata come immaginavo: in verit\u00e0 pensavo a momenti di scambio tra le diverse realt\u00e0 dialettali, ad una sorta di interazione tra persone e dialetti diversi, invece \u00e8 sembrato che siamo andati a Casamassima, a celebrare il casamassimese, a cui \u00e8 stato dato pi\u00f9 di un&#8217;ora di spazio\u201d. \u201cSolo nella seconda parte ci \u00e8 stato garantito un tempo ridottissimo per recitare o raccontare nel nostro dialetto\u201d. \u201cRitengo \u2013 ha aggiunto Pasquale Del Re &#8211; che quando ci si muove per promuovere cose del genere, bisogna metterci maggiore impegno\u201d. Un commento attento, dalla voce di chi da anni dedica tempo e passione a far vivere e conoscere il dialetto, turese in questo caso, attraverso liriche o sceneggiature.<\/p>\n<p style=\"text-align: justify;\">Non nasconde, inoltre, di aver palesato nervosismo nel momento in cui, dalle 19.00 in sala, ha avuto la possibilit\u00e0 di recitare solo alle 22.00. \u201cSolo i miei versi mi hanno rasserenato\u201d \u2013 contrastando per\u00f2 il rammarico dinanzi allo svuotamento della sala che ora dopo ora si compiva.&nbsp;<\/p>\n","protected":false},"excerpt":{"rendered":"<p><img loading=\"lazy\" decoding=\"async\" src=\"https:\/\/farm9.staticflickr.com\/8637\/16355193735_446636e7b6_n.jpg\" alt=\"Durante la lettura in vernacolo\" width=\"320\" height=\"213\" \/><\/p>\n","protected":false},"author":1,"featured_media":0,"comment_status":"open","ping_status":"closed","sticky":false,"template":"","format":"standard","meta":{"colormag_page_container_layout":"default_layout","colormag_page_sidebar_layout":"default_layout","footnotes":""},"categories":[6],"tags":[],"class_list":["post-12637","post","type-post","status-publish","format-standard","hentry","category-cultura"],"_links":{"self":[{"href":"https:\/\/archivioturi.lavocedelpaese.info\/index.php\/wp-json\/wp\/v2\/posts\/12637","targetHints":{"allow":["GET"]}}],"collection":[{"href":"https:\/\/archivioturi.lavocedelpaese.info\/index.php\/wp-json\/wp\/v2\/posts"}],"about":[{"href":"https:\/\/archivioturi.lavocedelpaese.info\/index.php\/wp-json\/wp\/v2\/types\/post"}],"author":[{"embeddable":true,"href":"https:\/\/archivioturi.lavocedelpaese.info\/index.php\/wp-json\/wp\/v2\/users\/1"}],"replies":[{"embeddable":true,"href":"https:\/\/archivioturi.lavocedelpaese.info\/index.php\/wp-json\/wp\/v2\/comments?post=12637"}],"version-history":[{"count":0,"href":"https:\/\/archivioturi.lavocedelpaese.info\/index.php\/wp-json\/wp\/v2\/posts\/12637\/revisions"}],"wp:attachment":[{"href":"https:\/\/archivioturi.lavocedelpaese.info\/index.php\/wp-json\/wp\/v2\/media?parent=12637"}],"wp:term":[{"taxonomy":"category","embeddable":true,"href":"https:\/\/archivioturi.lavocedelpaese.info\/index.php\/wp-json\/wp\/v2\/categories?post=12637"},{"taxonomy":"post_tag","embeddable":true,"href":"https:\/\/archivioturi.lavocedelpaese.info\/index.php\/wp-json\/wp\/v2\/tags?post=12637"}],"curies":[{"name":"wp","href":"https:\/\/api.w.org\/{rel}","templated":true}]}}