{"id":12619,"date":"2015-01-21T10:06:34","date_gmt":"2015-01-21T10:06:34","guid":{"rendered":"https:\/\/archivioturi.lavocedelpaese.info\/index.php\/2015\/01\/21\/tundo-sono-di-forza-italia-ma-tifo-schittulli\/"},"modified":"2015-01-21T10:06:34","modified_gmt":"2015-01-21T10:06:34","slug":"tundo-sono-di-forza-italia-ma-tifo-schittulli","status":"publish","type":"post","link":"https:\/\/archivioturi.lavocedelpaese.info\/index.php\/2015\/01\/21\/tundo-sono-di-forza-italia-ma-tifo-schittulli\/","title":{"rendered":"Tundo: sono di Forza Italia, ma tifo Schittulli"},"content":{"rendered":"<p><img loading=\"lazy\" decoding=\"async\" src=\"https:\/\/farm3.staticflickr.com\/2936\/14056522426_1df10dcf49_n.jpg\" width=\"320\" height=\"212\" alt=\"Sandro Laera e Paolo Tundo\" \/><\/p>\n<p>Il \u201cToto-Regionali\u201d \u00e8 partito. Proprio cos\u00ec. I primissimi rumors politici vedono come possibili futuri candidati alle regionali due capigruppo di opposizione: Paolo Tundo per Forza Italia e Sandro Laera per Fratelli d\u2019Italia. Incontriamo Paolo Tundo nella nostra redazione, cercando di avere conferme sulla fondatezza di tali voci. Dalle sue risposte, si evince che una certa volont\u00e0 c\u2019\u00e8. Riportiamo di seguito la nostra conversazione.<\/p>\n<p><b>Consigliere Tundo, si candider\u00e0 alle prossime regionali?<\/b><\/p>\n<p>La mia candidatura \u00e8 stata prospettata da qualcuno. Al momento opportuno,&nbsp; se ci saranno le condizioni e dopo che sar\u00e0 stato individuato il nostro candidato alla presidenza della Regione Puglia, valuter\u00f2 la possibilit\u00e0 di un\u2019eventuale candidatura. perch\u00e9 no?<\/p>\n<p><b>Cosa pensa &nbsp;delle contrapposizioni all\u2019interno di Forza Italia per la scelta del candidato?<\/b><\/p>\n<p>Io vedo in Schittulli una persona competitiva. La sua professionalit\u00e0 e conseguente notoriet\u00e0 sono sicuramente sinonimo di dedizione e competenza, che lo rendono competitivo contro Emiliano. Queste questioni per\u00f2 non sono ancora state definite come accordo complessivo. Io spero che questo accada nel pi\u00f9 breve tempo possibile, anche perch\u00e9 gli elettori di tutta l\u2019area del centrodestra e non soltanto di Forza Italia hanno bisogno di vedere unit\u00e0, con un programma che deve essere credibile nel confronto con Emiliano. Io spero che Fitto, di cui ho grande stima, possa chiudere quanto prima questa partita. Quanto prima il centrodestra riuscir\u00e0 ad amalgamarsi con decisione, non dando pi\u00f9 quell\u2019immagine di instabilit\u00e0 e disaccordo, tanto pi\u00f9 avremo possibilit\u00e0 di vincere. Inoltre credo che in questo momento Forza Italia non sia il primo partito. Per questo oggi deve essere pi\u00f9 riflessivo, deve ridimensionarsi un po\u2019 ed essere pi\u00f9 coalizzante con le altre forze politiche se vuole davvero riemergere.<\/p>\n<p><b>Secondo Lei, perch\u00e9 Fitto sta tenendo il pugno duro?<\/b><\/p>\n<p>Questo non lo so, pur conoscendo Raffaele Fitto come una persona di grande equilibrio. Presumo che Fitto sia in difficolt\u00e0 perch\u00e9 qualsiasi decisione si ritrover\u00e0 a prendere, sa che ci sarebbero delle rotture. Se sceglie Schittulli, ad esempio, sa che ci sar\u00e0 un\u2019area che perder\u00e0. Inoltre, &nbsp;credo che le primarie possano s\u00ec servire a rendere tutti protagonisti, a portare unit\u00e0, ma possono anche portare dell\u2019amaro, come nel caso di Vendola nei confronti di Emiliano. Bisogna decidere, pur sapendo che si rischia di perdere una parte di elettorato.<\/p>\n<p><b>La sezione di Turi \u00e8 pi\u00f9 Fitto o Berlusconi?<\/b><\/p>\n<p>Presumo che la maggioranza sia per Fitto<\/p>\n<p><b>Emiliano Shittulli. Chi vince?<\/b><\/p>\n<p>Se riescono a risolvere la questione subito, Schittulli potrebbe essere competitivo. Ribadisco comunque che gli screzi potrebbero costarci caro.<\/p>\n","protected":false},"excerpt":{"rendered":"<p><img loading=\"lazy\" decoding=\"async\" src=\"https:\/\/farm3.staticflickr.com\/2936\/14056522426_1df10dcf49_n.jpg\" width=\"320\" height=\"212\" alt=\"Sandro Laera e Paolo Tundo\" \/><\/p>\n","protected":false},"author":1,"featured_media":0,"comment_status":"open","ping_status":"closed","sticky":false,"template":"","format":"standard","meta":{"colormag_page_container_layout":"default_layout","colormag_page_sidebar_layout":"default_layout","footnotes":""},"categories":[4],"tags":[],"class_list":["post-12619","post","type-post","status-publish","format-standard","hentry","category-politica"],"_links":{"self":[{"href":"https:\/\/archivioturi.lavocedelpaese.info\/index.php\/wp-json\/wp\/v2\/posts\/12619","targetHints":{"allow":["GET"]}}],"collection":[{"href":"https:\/\/archivioturi.lavocedelpaese.info\/index.php\/wp-json\/wp\/v2\/posts"}],"about":[{"href":"https:\/\/archivioturi.lavocedelpaese.info\/index.php\/wp-json\/wp\/v2\/types\/post"}],"author":[{"embeddable":true,"href":"https:\/\/archivioturi.lavocedelpaese.info\/index.php\/wp-json\/wp\/v2\/users\/1"}],"replies":[{"embeddable":true,"href":"https:\/\/archivioturi.lavocedelpaese.info\/index.php\/wp-json\/wp\/v2\/comments?post=12619"}],"version-history":[{"count":0,"href":"https:\/\/archivioturi.lavocedelpaese.info\/index.php\/wp-json\/wp\/v2\/posts\/12619\/revisions"}],"wp:attachment":[{"href":"https:\/\/archivioturi.lavocedelpaese.info\/index.php\/wp-json\/wp\/v2\/media?parent=12619"}],"wp:term":[{"taxonomy":"category","embeddable":true,"href":"https:\/\/archivioturi.lavocedelpaese.info\/index.php\/wp-json\/wp\/v2\/categories?post=12619"},{"taxonomy":"post_tag","embeddable":true,"href":"https:\/\/archivioturi.lavocedelpaese.info\/index.php\/wp-json\/wp\/v2\/tags?post=12619"}],"curies":[{"name":"wp","href":"https:\/\/api.w.org\/{rel}","templated":true}]}}