{"id":12595,"date":"2015-01-15T07:19:06","date_gmt":"2015-01-15T07:19:06","guid":{"rendered":"https:\/\/archivioturi.lavocedelpaese.info\/index.php\/2015\/01\/15\/natalino-ventrella-per-idi\/"},"modified":"2015-01-15T07:19:06","modified_gmt":"2015-01-15T07:19:06","slug":"natalino-ventrella-per-idi","status":"publish","type":"post","link":"https:\/\/archivioturi.lavocedelpaese.info\/index.php\/2015\/01\/15\/natalino-ventrella-per-idi\/","title":{"rendered":"Natalino Ventrella per Idi"},"content":{"rendered":"<p><img loading=\"lazy\" decoding=\"async\" src=\"https:\/\/farm8.staticflickr.com\/7541\/16277146905_9fcea5cb6f_n.jpg\" width=\"320\" height=\"221\" alt=\"idi\" \/><\/p>\n<p style=\"text-align: justify;\">La Segreteria Generale dell\u2019Istituto Diplomatico Internazionale- IDI, si pregia informarVi dell\u2019apertura di un suo<strong>DICASTERO REGIONALE per la Puglia<\/strong>nella citt\u00e0 di Bari. Il nuovo Dicastero rappresenter\u00e0 l\u2019Istituto in tutta laRegione della Puglia, <strong>Consigliere di Prima Classe<\/strong> del nuovo organo dell\u2019IDI \u00e8 il <strong>commercialista Natale Ventrella<\/strong> <a href=\"mailto:nataleventrella@gmail.com\">nataleventrella@gmail.com<\/a> \u2013 <a href=\"http:\/\/www.natalinoventrella.com\/\">www.natalinoventrella.com<\/a>. Ventrella oltre ad essere revisore legale, CTU Tribunale di Bari, tributarista, da poco \u00e8 stato iscritto nell\u2019Albo nazionale degli economisti italiani.<\/p>\n<p style=\"text-align: justify;\">L\u2019IDI \u00e8 una associazione privatadi interesse pubblico, con un particolare riferimento al mondo diplomatico,che si propone di esplorare nuove strade per l&#8217;interscambio internazionale di merci e servizi attraverso le strutture diplomatiche dei vari Paesi e di contribuire alla pace e alla fratellanza fra i popoli. Con il nuovo Dicastero Regionale per la Puglia, la nostra organizzazione ha l\u2019ambizioso scopo di realizzare un foro di incontro particolarmente prestigioso, tra il mondo diplomatico, politico, economico, industriale, culturale, religioso, sociale pugliese.<\/p>\n<p style=\"text-align: justify;\">Con l\u2019apertura di questa nostra nuova struttura permanente in Puglial\u2019IDI si propone diassistere e sostenere le imprese della Regione Puglia interessate ai mercati internazionaliorientandole verso le migliori opportunit\u00e0 offerte all\u2019export e verso i nuovi mercati grazie ai propri progetti e ai propri strumenti di marketing. L\u2019IDI intende offrire alle aziende anche la gestione dei contatti con i partner esteri, l\u2019assistenza amministrativa legale e commerciale.<\/p>\n<p style=\"text-align: justify;\">L\u2019IDIche opera nel campo dell\u2019internazionalizzazione delle aziende fin dal 1998,intende agireattraverso la propria struttura commerciale interna denominata \u201c<strong>Organizzazione Internazionale Commercio Estero \u2013 OICE\u201d<\/strong>.<\/p>\n<p style=\"text-align: justify;\">Oltre ad introdurre le nostre aziende verso le opportunit\u00e0 dei mercatiinternazionali, l\u2019IDI sar\u00e0 a disposizione delle aziende pugliesi per creare occasioni di incontri anchetra le realt\u00e0 diplomatiche, culturali ed economichedi moltissimi Paesi.<\/p>\n<p style=\"text-align: justify;\">Il nostro Istituto ha al suo interno anche un centro studi denominato \u201c<strong>ACCADEMIA DIPLOMATICA AL MERITO DELLE NAZIONI<\/strong>\u201d che si propone l\u2019organizzazione di seminari e ricerche sulla dottrina sociale delle Chiesa Cattolica, sullo sviluppo del diritto internazionale e diplomatico e sulle realt\u00e0 socio culturale dei popoli con cui si andr\u00e0 ad interagire, per cui con la creazione del nuovo organo IDI in Puglia si studier\u00e0 l\u2019opportunit\u00e0 di creare una Delegazione locale dell\u2019accademia per raccogliere gli elaborati o interventi dei nostri associati in quel Paese.<\/p>\n<p style=\"text-align: justify;\">Certi che vogliate cortesemente dare il giusto rilievo a questo comunicato, vi ringraziamo e ci dichiariamo disponibili per ogni ulteriore informazione.<\/p>\n<p style=\"text-align: justify;\">Salutiamo con cordialit\u00e0<\/p>\n<p style=\"text-align: justify;\">Il Segretario GeneraleI.D.I.<\/p>\n<p style=\"text-align: justify;\">Dr. Mauro Broda<\/p>\n","protected":false},"excerpt":{"rendered":"<p><img loading=\"lazy\" decoding=\"async\" src=\"https:\/\/farm8.staticflickr.com\/7541\/16277146905_9fcea5cb6f_n.jpg\" width=\"320\" height=\"221\" alt=\"idi\" \/><\/p>\n","protected":false},"author":1,"featured_media":0,"comment_status":"open","ping_status":"closed","sticky":false,"template":"","format":"standard","meta":{"colormag_page_container_layout":"default_layout","colormag_page_sidebar_layout":"default_layout","footnotes":""},"categories":[7],"tags":[],"class_list":["post-12595","post","type-post","status-publish","format-standard","hentry","category-attualita"],"_links":{"self":[{"href":"https:\/\/archivioturi.lavocedelpaese.info\/index.php\/wp-json\/wp\/v2\/posts\/12595","targetHints":{"allow":["GET"]}}],"collection":[{"href":"https:\/\/archivioturi.lavocedelpaese.info\/index.php\/wp-json\/wp\/v2\/posts"}],"about":[{"href":"https:\/\/archivioturi.lavocedelpaese.info\/index.php\/wp-json\/wp\/v2\/types\/post"}],"author":[{"embeddable":true,"href":"https:\/\/archivioturi.lavocedelpaese.info\/index.php\/wp-json\/wp\/v2\/users\/1"}],"replies":[{"embeddable":true,"href":"https:\/\/archivioturi.lavocedelpaese.info\/index.php\/wp-json\/wp\/v2\/comments?post=12595"}],"version-history":[{"count":0,"href":"https:\/\/archivioturi.lavocedelpaese.info\/index.php\/wp-json\/wp\/v2\/posts\/12595\/revisions"}],"wp:attachment":[{"href":"https:\/\/archivioturi.lavocedelpaese.info\/index.php\/wp-json\/wp\/v2\/media?parent=12595"}],"wp:term":[{"taxonomy":"category","embeddable":true,"href":"https:\/\/archivioturi.lavocedelpaese.info\/index.php\/wp-json\/wp\/v2\/categories?post=12595"},{"taxonomy":"post_tag","embeddable":true,"href":"https:\/\/archivioturi.lavocedelpaese.info\/index.php\/wp-json\/wp\/v2\/tags?post=12595"}],"curies":[{"name":"wp","href":"https:\/\/api.w.org\/{rel}","templated":true}]}}