{"id":12573,"date":"2014-12-30T16:03:04","date_gmt":"2014-12-30T16:03:04","guid":{"rendered":"https:\/\/archivioturi.lavocedelpaese.info\/index.php\/2014\/12\/30\/si-inaugura-qoltre-la-politicaq\/"},"modified":"2014-12-30T16:03:04","modified_gmt":"2014-12-30T16:03:04","slug":"si-inaugura-qoltre-la-politicaq","status":"publish","type":"post","link":"https:\/\/archivioturi.lavocedelpaese.info\/index.php\/2014\/12\/30\/si-inaugura-qoltre-la-politicaq\/","title":{"rendered":"Si inaugura &#8220;Oltre la politica&#8221;"},"content":{"rendered":"<p><img loading=\"lazy\" decoding=\"async\" src=\"https:\/\/farm8.staticflickr.com\/7475\/16147840255_376fdc9c32_n.jpg\" width=\"320\" height=\"240\" alt=\"Turi - oltre la politica\" \/><\/p>\n<p style=\"text-align: justify;\">&#8220;Siamo figli della nostra epoca, siamo immagine della nostra societ\u00e0&#8221;. Si legge spesso questa espressione e ancora pi\u00f9 comune \u00e8 l&#8217;atteggiamento di disillusione da parte dei pi\u00f9, nei confronti di qualsiasi novit\u00e0, di qualsivoglia pensiero. Ci si scontra spesso, negli ultimi anni, con risposte negative e amare sulle questioni politiche, su quei meccanismi che ci governano, che guidano le nostre scelte, che orchestrano la nostra quotidianit\u00e0. Un atteggiamento di &#8220;sottomissione&#8221; \u00e8 il risultato comune nei confronti di quello che qualcuno organizza e pensa, perch\u00e8 ritenuto lontano da noi, distante dalla nostra esistenza, a cui noi non possiamo accedere, comprendere, decidere. Ma &#8220;noi la politica non vogliamo subirla, bens\u00ec parteciparvi e condividerla&#8221;. E&#8217; con questo pensiero che nasce &#8220;Oltre la politica&#8221;, un ciclo di conferenze per la promozione alla partecipazione democratica e alla cittadinanza attiva, presentato nella mattinata di luned\u00ec 30 dicembre, presso il Centro Studi di Storia e Cultura &#8220;Matteo Pugliese&#8221; di Turi.<\/p>\n<p style=\"text-align: justify;\">Promotori dell&#8217;iniziativa, non esponenti politici di partito, ma ragazzi, la cui media \u00e8 di 30 anni, animati dal desiderio di vivere e condividere l&#8217;attivit\u00e0 politica ed amministrativa del proprio paese, a partire da Turi. A presentarlo alla stampa, Antonello Malena, Angelo Leogrande, Roberto Dell&#8217;Aera, Pierfrancesco Lavarra e Nicola Zita, ognuno rappresentando la zona pastorale di Turi, l&#8217;Associazione Girasole e l&#8217;Associazione Artemista.<\/p>\n<p style=\"text-align: justify;\">Saranno sette, i primi incontri previsti da &#8220;Oltre la politica&#8221;, uno spazio didattico realizzato attorno ad argomentazioni politiche e nel quale, chiunque, potr\u00e0 apprendere i meccanismi di governo e avviare un percorso di conoscenza e di condivisione circa aspetti della vita sociale, oltre che politica. A sostenere il progetto dei ragazzi turesi, l&#8217;associazione onlus &#8220;Cercasi un fine&#8221;, che da anni sviluppa seminari tematici itineranti, nei diversi paesi in cui \u00e8 presente una scuola di politica.<\/p>\n<p style=\"text-align: justify;\">Il progetto, che vedr\u00e0 il primo incontro, aperto a tutti, il prossimo 9 gennaio alle 19.00, \u00e8 rivolto a chiunque. &#8220;A chi ha sfiducia, agli anarchici, ai delusi, agli appassionati; ci ricolgiamo a tutti per ragionare insieme&#8221; &#8211; ha aggiunto Angelo Leogrande, sottolineando come questo percorso partecipato di riflessioni e di apprendimento sulla politica, guarder\u00e0 anche alla rete. &#8220;Esiste gi\u00e0 una ciber &#8211; politica, una societ\u00e0 politica che va oltre gli Stati&#8221; e permette a tutti di discutere, commentare, parlare direttamente da casa.&nbsp;<\/p>\n<p style=\"text-align: justify;\">Luogo degli incontri, sar\u00e0 proprio il Centro Studi, ringraziato dagli organizzatori per la disponibilit\u00e0 dimostrata e l&#8217;apertura ad un progetto che parte dai giovani, per guardare alla comunit\u00e0. &#8220;La situazione attuale, della nostra generazione, \u00e8 di stallo&#8221; &#8211; ha aggiunto Roberto Dell&#8217;Aera, dell&#8217;Ass. Girasole. &#8220;Le nuove generazioni, quelle chi si affacciano alla politica, hanno conoscenze che si basano su esperienze personali. Ma attraverso questa scuola di politica, vorremmo dare strumenti e tecnica, affinch\u00e8 chiunque conosca, ad esempio, la differenza fra una delibera ed una determina&#8221;.&nbsp;<\/p>\n<p style=\"text-align: justify;\">Riavvicinare la collettivit\u00e0 ai meccanismi politici, perch\u00e8 la &#8220;politica \u00e8 in ogni situazione della nostra quotidianit\u00e0&#8221; &#8211; come ha sottolineato Nicola Zita, dell&#8217;Associaizone Artemista, sono la base e gli obiettivi che si pone la scuola di politica che, come ha aggiunto Antonello Malena, parte con questo ciclo di incontri e laboratori, ma mira a coivolgere, nel tempo, sempre pi\u00f9 persone.<\/p>\n<p style=\"text-align: justify;\">Partecipazione, lavoro, legalit\u00e0 ed informazione, sono al centro dei primi appuntamenti programmati nel calendario di &#8220;Oltre la politica&#8221; che si svilupper\u00e0 tra gennaio e maggio 2015.<\/p>\n<p><img loading=\"lazy\" decoding=\"async\" src=\"https:\/\/farm9.staticflickr.com\/8605\/16148407945_c62748e438_o.jpg\" width=\"433\" height=\"412\" alt=\"2014-12-30\" \/><\/p>\n","protected":false},"excerpt":{"rendered":"<p><img loading=\"lazy\" decoding=\"async\" src=\"https:\/\/farm8.staticflickr.com\/7475\/16147840255_376fdc9c32_n.jpg\" width=\"320\" height=\"240\" alt=\"Turi - oltre la politica\" \/><\/p>\n","protected":false},"author":1,"featured_media":0,"comment_status":"open","ping_status":"closed","sticky":false,"template":"","format":"standard","meta":{"colormag_page_container_layout":"default_layout","colormag_page_sidebar_layout":"default_layout","footnotes":""},"categories":[7],"tags":[],"class_list":["post-12573","post","type-post","status-publish","format-standard","hentry","category-attualita"],"_links":{"self":[{"href":"https:\/\/archivioturi.lavocedelpaese.info\/index.php\/wp-json\/wp\/v2\/posts\/12573","targetHints":{"allow":["GET"]}}],"collection":[{"href":"https:\/\/archivioturi.lavocedelpaese.info\/index.php\/wp-json\/wp\/v2\/posts"}],"about":[{"href":"https:\/\/archivioturi.lavocedelpaese.info\/index.php\/wp-json\/wp\/v2\/types\/post"}],"author":[{"embeddable":true,"href":"https:\/\/archivioturi.lavocedelpaese.info\/index.php\/wp-json\/wp\/v2\/users\/1"}],"replies":[{"embeddable":true,"href":"https:\/\/archivioturi.lavocedelpaese.info\/index.php\/wp-json\/wp\/v2\/comments?post=12573"}],"version-history":[{"count":0,"href":"https:\/\/archivioturi.lavocedelpaese.info\/index.php\/wp-json\/wp\/v2\/posts\/12573\/revisions"}],"wp:attachment":[{"href":"https:\/\/archivioturi.lavocedelpaese.info\/index.php\/wp-json\/wp\/v2\/media?parent=12573"}],"wp:term":[{"taxonomy":"category","embeddable":true,"href":"https:\/\/archivioturi.lavocedelpaese.info\/index.php\/wp-json\/wp\/v2\/categories?post=12573"},{"taxonomy":"post_tag","embeddable":true,"href":"https:\/\/archivioturi.lavocedelpaese.info\/index.php\/wp-json\/wp\/v2\/tags?post=12573"}],"curies":[{"name":"wp","href":"https:\/\/api.w.org\/{rel}","templated":true}]}}