{"id":12564,"date":"2014-12-24T08:59:50","date_gmt":"2014-12-24T08:59:50","guid":{"rendered":"https:\/\/archivioturi.lavocedelpaese.info\/index.php\/2014\/12\/24\/presentato-resettami-web\/"},"modified":"2014-12-24T08:59:50","modified_gmt":"2014-12-24T08:59:50","slug":"presentato-resettami-web","status":"publish","type":"post","link":"https:\/\/archivioturi.lavocedelpaese.info\/index.php\/2014\/12\/24\/presentato-resettami-web\/","title":{"rendered":"Presentato \u201cResettami Web\u201d"},"content":{"rendered":"<p><img loading=\"lazy\" decoding=\"async\" src=\"https:\/\/farm9.staticflickr.com\/8636\/15471204064_5842d916d3_n.jpg\" width=\"320\" height=\"239\" alt=\"Resettami web\" \/><\/p>\n<p style=\"text-align: justify;\">Sabato 20 dicembre alle ore 09.30 presso la Sala Iavarone del Comune di Gioia del Colle si \u00e8 tenuta una conferenza stampa per la presentazione del sito web dell\u2019Ambito Territoriale, realizzato dalla CLE Srl, di Bari da parte degli assessori ai servizi sociali dei Comuni di Gioia del Colle nella persona del dott. Filippo Donvito, di Turi nella persona della dott.ssa Giusy Caldararo, di Sammichele nella persona della dott.ssa Giuliana Lotito.<\/p>\n<p style=\"text-align: justify;\">Il Commissario Prefettizio per il Comune di Casamassima non era presente per impegni istituzionali.<\/p>\n<p style=\"text-align: justify;\">Il nuovo portale web del welfare territoriale si denomina \u201cRESETTAMI web\u201d ed \u00e8 una piattaforma per la gestione e l\u2019integrazione socio \u2013 sanitaria dei Piani di Zona, dedicata ai servizi per i cittadini con una precisa indicazione dei servizi attivi, di come accedervi e delle strutture che li erogano con relative mappe georeferenziate.<\/p>\n<p style=\"text-align: justify;\">E\u2019 di facile accesso in quanto direttamente fruibile con Internet.<\/p>\n<p style=\"text-align: justify;\">E\u2019 di facile consultazione in quanto sulla barra delle applicazioni si possono subito consultare le finestre delle diverse voci, quali AMBITO, BANDI, MODULISTICA, TERZO SETTORE, SERVIZI AL CITTADINO, NEWS ED EVENTI e CONTATTI.<\/p>\n<p style=\"text-align: justify;\">La piattaforma, inoltre permette di entrare nell\u2019area delle responsabilit\u00e0 familiari, dei minori, degli anziani, dei disabili, delle dipendenze, della salute mentale, dell\u2019abuso e del maltrattamento, del contrasto alla povert\u00e0 e degli immigrati.<\/p>\n<p style=\"text-align: justify;\">La pagina che introduce alle diverse aree \u00e8 anche corredata dalle immagini dei quattro comuni nonch\u00e9 dagli eventi posti in evidenza.<\/p>\n<p style=\"text-align: justify;\">Sar\u00e0 possibile accedervi attraverso il sito del Comune di Turi e di tutti i comuni interessati, dove apparir\u00e0 il Linch per l\u2019accesso.<\/p>\n<p style=\"text-align: justify;\">\u201cResettami web\u201d parte come un portale di informazioni, come strumento per tutti coloro che desiderano conoscere le &nbsp;progettualit\u00e0, i servizi, nel prossimo futuro si \u00e8 programmato che potr\u00e0 erogare molte funzioni che ora sono espletabili solo agli sportelli degli uffici.<\/p>\n<p style=\"text-align: justify;\">Il sito dell\u2019Ambito \u00e8 gi\u00e0 on line all\u2019indirizzo <a href=\"http:\/\/www.resettamiweb.it\/ambitogioia\" target=\"_blank\" rel=\"noopener\"><strong>www.resettamiweb.it\/ambitogioia<\/strong><\/a> e l\u2019aggiornamento dei contenuti inizier\u00e0 dal prossimo 7 gennaio 2015.<\/p>\n<p style=\"text-align: justify;\">Credo personalmente, in qualit\u00e0 di assessore alle Politiche Sociali, che sia un\u2019ottima possibilit\u00e0 in quanto la modernit\u00e0 ci impone di essere attenti alla possibilit\u00e0 di rendere immediata, palese, trasparente e di facile accesso qualsiasi tipo di informazione all\u2019utenza.<\/p>\n<p style=\"text-align: justify;\">E\u2019 importante la visibilit\u00e0, soprattutto in un contesto quale quello del sociale, dove si deve necessariamente dare l\u2019input affinch\u00e9 tutte le progettualit\u00e0 poste in essere nell\u2019ambito, possano essere lette e colte immediatamente.<\/p>\n<p style=\"text-align: justify;\">&nbsp;&nbsp;&nbsp;&nbsp;&nbsp;&nbsp;&nbsp;&nbsp;&nbsp;&nbsp;&nbsp;&nbsp; Giusy Caldararo<\/p>\n","protected":false},"excerpt":{"rendered":"<p><img loading=\"lazy\" decoding=\"async\" src=\"https:\/\/farm9.staticflickr.com\/8636\/15471204064_5842d916d3_n.jpg\" width=\"320\" height=\"239\" alt=\"Resettami web\" \/><\/p>\n","protected":false},"author":1,"featured_media":0,"comment_status":"open","ping_status":"closed","sticky":false,"template":"","format":"standard","meta":{"colormag_page_container_layout":"default_layout","colormag_page_sidebar_layout":"default_layout","footnotes":""},"categories":[4],"tags":[],"class_list":["post-12564","post","type-post","status-publish","format-standard","hentry","category-politica"],"_links":{"self":[{"href":"https:\/\/archivioturi.lavocedelpaese.info\/index.php\/wp-json\/wp\/v2\/posts\/12564","targetHints":{"allow":["GET"]}}],"collection":[{"href":"https:\/\/archivioturi.lavocedelpaese.info\/index.php\/wp-json\/wp\/v2\/posts"}],"about":[{"href":"https:\/\/archivioturi.lavocedelpaese.info\/index.php\/wp-json\/wp\/v2\/types\/post"}],"author":[{"embeddable":true,"href":"https:\/\/archivioturi.lavocedelpaese.info\/index.php\/wp-json\/wp\/v2\/users\/1"}],"replies":[{"embeddable":true,"href":"https:\/\/archivioturi.lavocedelpaese.info\/index.php\/wp-json\/wp\/v2\/comments?post=12564"}],"version-history":[{"count":0,"href":"https:\/\/archivioturi.lavocedelpaese.info\/index.php\/wp-json\/wp\/v2\/posts\/12564\/revisions"}],"wp:attachment":[{"href":"https:\/\/archivioturi.lavocedelpaese.info\/index.php\/wp-json\/wp\/v2\/media?parent=12564"}],"wp:term":[{"taxonomy":"category","embeddable":true,"href":"https:\/\/archivioturi.lavocedelpaese.info\/index.php\/wp-json\/wp\/v2\/categories?post=12564"},{"taxonomy":"post_tag","embeddable":true,"href":"https:\/\/archivioturi.lavocedelpaese.info\/index.php\/wp-json\/wp\/v2\/tags?post=12564"}],"curies":[{"name":"wp","href":"https:\/\/api.w.org\/{rel}","templated":true}]}}