{"id":12550,"date":"2014-12-24T11:10:10","date_gmt":"2014-12-24T11:10:10","guid":{"rendered":"https:\/\/archivioturi.lavocedelpaese.info\/index.php\/2014\/12\/24\/primarie-di-centrodestra-a-febbraio\/"},"modified":"2014-12-24T11:10:10","modified_gmt":"2014-12-24T11:10:10","slug":"primarie-di-centrodestra-a-febbraio","status":"publish","type":"post","link":"https:\/\/archivioturi.lavocedelpaese.info\/index.php\/2014\/12\/24\/primarie-di-centrodestra-a-febbraio\/","title":{"rendered":"Primarie di centrodestra a febbraio?"},"content":{"rendered":"<p><img loading=\"lazy\" decoding=\"async\" src=\"https:\/\/farm9.staticflickr.com\/8670\/15452283873_a40ee791a9_m.jpg\" width=\"160\" height=\"240\" alt=\"Mariangela Volpicella\" \/><\/p>\n<p style=\"text-align: justify;\">Se il centrosinistra ha gi\u00e0 un nome da candidare alle prossime regionali, \u00e8 ancora tutto da decidere sull\u2019altro fronte, quello di centrodestra. Quali sono i possibili scenari? Lo chiediamo a Mariangela Volpicella,&nbsp; vice-coordinatrice provinciale di Forza Italia.<\/p>\n<p style=\"text-align: justify;\"><strong><em>1- \u00c8 degli ultimi giorni la notizia che il presidente del Comitato per le regionali, il senatore Altero Matteoli, ha &nbsp;ritenuto che il miglior candidato di Forza Italia e del centrodestra sia l&#8217;onorevole Raffaele Fitto. L&#8217;on. Fitto ribadisce invece la sua linea: ricorrere alle primarie per una legittimazione popolare. Ci saranno queste primarie? <\/em><\/strong><\/p>\n<p style=\"text-align: justify;\">In questi giorni si sta parlando in maniera insistente di eventuali primarie previste il 1\u00b0 febbraio 2015. L\u2019ipotesi che l\u2019On. Raffaele Fitto sia candidato alla presidenza della Regione Puglia la vedo molto lontana, lui stesso ha ribadito che \u00e8 impossibile che lo faccia. Piuttosto sono d\u2019accordo anch\u2019io sulla linea di aprire le decisioni alla gente e di non imporre delle situazioni dall\u2019altro.<\/p>\n<p style=\"text-align: justify;\"><strong>2-&nbsp;<em>Cosa significherebbe per il partito e per&nbsp;la Puglia&nbsp;un&#8217;eventuale presidenza alla regione di Fitto?<\/em><\/strong><\/p>\n<p style=\"text-align: justify;\">Ripeto, l\u2019On. Fitto ha gi\u00e0 espresso la sua decisione di non candidarsi alla presidenza della Regione.<\/p>\n<p style=\"text-align: justify;\"><strong>3-&nbsp;<em>C&#8217;\u00e8 la possibilit\u00e0 che Forza Italia sostenga invece la candidatura del prof. Schittulli?<\/em><\/strong><\/p>\n<p style=\"text-align: justify;\">Per il momento nulla \u00e8 scontato; l\u2019On. Fitto ha comunque affermato che, qualora si decida per il Prof. Schittulli, ci sar\u00e0 il pieno sostegno di Forza Italia e di tutta la coalizione. Tuttavia, non c&#8217;\u00e8 dubbio che si sosterr\u00e0 con convinzione e lealt\u00e0 il candidato che verr\u00e0 scelto con qualsiasi dei due meccanismi legittimi:&nbsp;&nbsp;le primarie o la scelta del candidato da parte dei partiti. Personalmente preferirei la scelta del candidato con il meccanismo delle primarie.<\/p>\n<p style=\"text-align: justify;\"><strong><em>4- Qualcuno parla di un centrodestra pugliese ormai inesistente, rispetto anche all&#8217;affermarsi del PD e del centrosinistra a pi\u00f9 livelli in Puglia. Cosa \u00e8 accaduto in questi ultimi anni?<\/em><\/strong><\/p>\n<p style=\"text-align: justify;\"> Purtroppo quello che \u00e8 accaduto in Forza Italia a livello nazionale sta avvenendo anche in Puglia; in Italia<em>,&nbsp;<\/em>Forza Italia \u00e8 scesa da 13 milioni di elettori a 4 milioni: \u00e8 questo il problema su cui dobbiamo concentrarci. La scissione del Popolo della Libert\u00e0 ha causato un \u201crimescolamento delle carte\u201d e,&nbsp;&nbsp;per tentare di uscire dalla crisi di Forza Italia e del centrodestra, ci vorrebbe uno shock organizzativo (coinvolgendo gli elettori, anzich\u00e9 pretendendo di decidere in stanze chiuse) e uno shock sui contenuti (che per\u00f2 siano credibili e sostenibili). Penso che sia indispensabile continuare verso la direzione di aprire un dibattito nel partito per far capire agli elettori quali sono le nostre posizioni sui temi caldi della politica.<\/p>\n<p style=\"text-align: justify;\"><strong><em>5- In vista delle regionali, come vi state muovendo a livello provinciale?<\/em><\/strong><\/p>\n<p style=\"text-align: justify;\">Al momento siamo in attesa della scelta \u201cpolitica\u201d del candidato o l\u2019eventuale organizzazione delle primarie; in questo momento il nostro lavoro \u00e8 subordinato alla scelte dei vertici regionali; purtroppo, se non si scioglie questo nodo, non possiamo muoverci in nessuna direzione.<\/p>\n<p style=\"text-align: justify;\"> <strong>6 \u2013&nbsp;<em>Passiamo a Turi.<\/em> <em>Si dice che i moderati vadano a braccetto con l&#8217;Amministrazione Coppi. Quale \u00e8 allora la vera opposizione?<\/em><\/strong><\/p>\n<p style=\"text-align: justify;\">Al momento l\u2019opposizione a Turi \u00e8 sempre la stessa, non mi pare che a livello di consiglio comunale sia cambiato qualcosa, anche perch\u00e9 coloro che definisci \u201cmoderati\u201d hanno espresso chiaramente la loro posizione. Comunque se ci dovessero essere dei cambiamenti, di certo non dovrebbero dare conto a me o al resto dell\u2019opposizione ma unicamente ai loro elettori che li hanno votati per essere un alternativa a questa maggioranza.<\/p>\n","protected":false},"excerpt":{"rendered":"<p><img loading=\"lazy\" decoding=\"async\" src=\"https:\/\/farm9.staticflickr.com\/8670\/15452283873_a40ee791a9_m.jpg\" width=\"160\" height=\"240\" alt=\"Mariangela Volpicella\" \/><\/p>\n","protected":false},"author":1,"featured_media":0,"comment_status":"open","ping_status":"closed","sticky":false,"template":"","format":"standard","meta":{"colormag_page_container_layout":"default_layout","colormag_page_sidebar_layout":"default_layout","footnotes":""},"categories":[4],"tags":[],"class_list":["post-12550","post","type-post","status-publish","format-standard","hentry","category-politica"],"_links":{"self":[{"href":"https:\/\/archivioturi.lavocedelpaese.info\/index.php\/wp-json\/wp\/v2\/posts\/12550","targetHints":{"allow":["GET"]}}],"collection":[{"href":"https:\/\/archivioturi.lavocedelpaese.info\/index.php\/wp-json\/wp\/v2\/posts"}],"about":[{"href":"https:\/\/archivioturi.lavocedelpaese.info\/index.php\/wp-json\/wp\/v2\/types\/post"}],"author":[{"embeddable":true,"href":"https:\/\/archivioturi.lavocedelpaese.info\/index.php\/wp-json\/wp\/v2\/users\/1"}],"replies":[{"embeddable":true,"href":"https:\/\/archivioturi.lavocedelpaese.info\/index.php\/wp-json\/wp\/v2\/comments?post=12550"}],"version-history":[{"count":0,"href":"https:\/\/archivioturi.lavocedelpaese.info\/index.php\/wp-json\/wp\/v2\/posts\/12550\/revisions"}],"wp:attachment":[{"href":"https:\/\/archivioturi.lavocedelpaese.info\/index.php\/wp-json\/wp\/v2\/media?parent=12550"}],"wp:term":[{"taxonomy":"category","embeddable":true,"href":"https:\/\/archivioturi.lavocedelpaese.info\/index.php\/wp-json\/wp\/v2\/categories?post=12550"},{"taxonomy":"post_tag","embeddable":true,"href":"https:\/\/archivioturi.lavocedelpaese.info\/index.php\/wp-json\/wp\/v2\/tags?post=12550"}],"curies":[{"name":"wp","href":"https:\/\/api.w.org\/{rel}","templated":true}]}}