{"id":12525,"date":"2014-12-16T13:47:48","date_gmt":"2014-12-16T13:47:48","guid":{"rendered":"https:\/\/archivioturi.lavocedelpaese.info\/index.php\/2014\/12\/16\/la-croce-giovani-a-san-giovanni\/"},"modified":"2014-12-16T13:47:48","modified_gmt":"2014-12-16T13:47:48","slug":"la-croce-giovani-a-san-giovanni","status":"publish","type":"post","link":"https:\/\/archivioturi.lavocedelpaese.info\/index.php\/2014\/12\/16\/la-croce-giovani-a-san-giovanni\/","title":{"rendered":"La Croce Giovani a San Giovanni"},"content":{"rendered":"<p><img loading=\"lazy\" decoding=\"async\" src=\"https:\/\/farm8.staticflickr.com\/7545\/15840357848_e5e583656a_n.jpg\" alt=\"no did\" width=\"320\" height=\"213\" \/><\/p>\n<p><img loading=\"lazy\" decoding=\"async\" style=\"margin-top: 10px; margin-bottom: 10px; margin-left: 10px; float: right;\" src=\"https:\/\/farm8.staticflickr.com\/7573\/16002007726_a491fd11dc_n.jpg\" alt=\"I ragazzi firmano la Croce Giovani\" width=\"320\" height=\"213\" \/><\/p>\n<p style=\"text-align: justify;\">Era met\u00e0 maggio quando Piazza Silvio Orlandi fu invasa di giovani in preghiera e felici di innalzare e portare in spalla la Croce Giovani, giunta da Fasano. Deposta poi, nella parrocchia dell&#8217;Oratorio dove \u00e8 stata custodita, la Croce Giovani, nella serata di venerd\u00ec 28 novembre \u00e8 stata poi accompagnata presso la sua nuova casa, la Parrocchia di San Giovani Battista.<\/p>\n<p><img loading=\"lazy\" decoding=\"async\" style=\"margin-top: 10px; margin-right: 10px; margin-bottom: 10px; float: left;\" src=\"https:\/\/farm8.staticflickr.com\/7573\/16002007726_a491fd11dc_n.jpg\" alt=\"I ragazzi firmano la Croce Giovani\" width=\"320\" height=\"213\" \/><\/p>\n<p style=\"text-align: justify;\">\u201cCosa cerchi?\u201d \u00e8 stato il tema della serata, riferendosi alla vita e quindi a cosa cerchiamo da Dio.<\/p>\n<p><img loading=\"lazy\" decoding=\"async\" src=\"https:\/\/farm8.staticflickr.com\/7518\/16027094612_fe8bc951b7_n.jpg\" alt=\"Accoglienza in San Giovanni Battista\" width=\"320\" height=\"213\" style=\"margin-top: 10px; margin-bottom: 10px; margin-left: 10px; float: right;\" \/><\/p>\n<p style=\"text-align: justify;\">La \u201cCroce Giovani \u201d \u00e8 una croce di legno che porta i nomi di tutti coloro che l\u2019hanno toccata e vissuta in questi anni ed infatti, prima di essere portata in spalla fino alla Parrocchia di San Giovanni, \u00e8 stata \u201cfirmata\u201d da tutti i giovani presenti. La Croce, ricordiamo, \u00e8 un segno di continuit\u00e0 ed armonia nella nostra diocesi e quindi della Chiesa di Dio; \u00e8 un incoraggiamento a vivere con entusiasmo e custodire &nbsp;un simbolo d&#8217;amore, di bellezza e grandezza dell\u2019amore di Dio. Un momento di commozioni, di preghiera, di riflessione per tutti i ragazzi presenti, animati dall&#8217;emozione \u201cdi essere strumento di Dio\u201d e dimostrato dai tanti sorrisi e dalla partecipazione a quello che ha rappresentato un passaggio ma anche un\u2019unione dell\u2019intera comunit\u00e0 cristiana turese. Ad accompagnare i giovani in questo percorso, i tre parroci turesi: Don Giovanni Amodio, Don Nicola D\u2019Onghia e Don Ciccio.<\/p>\n<p style=\"text-align: justify;\">Il prossimo d\u2019incontro con la Croce, sar\u00e0 il 18 dicembre a san Giovanni alle ore 20.00 con la Veglia penitenziale.<\/p>\n<p style=\"text-align: justify;\"><em>Si ringraziano per le foto Tonio e Alessia.<\/em><\/p>\n","protected":false},"excerpt":{"rendered":"<p><img loading=\"lazy\" decoding=\"async\" src=\"https:\/\/farm8.staticflickr.com\/7545\/15840357848_e5e583656a_n.jpg\" alt=\"no did\" width=\"320\" height=\"213\" \/><\/p>\n","protected":false},"author":1,"featured_media":0,"comment_status":"open","ping_status":"closed","sticky":false,"template":"","format":"standard","meta":{"colormag_page_container_layout":"default_layout","colormag_page_sidebar_layout":"default_layout","footnotes":""},"categories":[6],"tags":[],"class_list":["post-12525","post","type-post","status-publish","format-standard","hentry","category-cultura"],"_links":{"self":[{"href":"https:\/\/archivioturi.lavocedelpaese.info\/index.php\/wp-json\/wp\/v2\/posts\/12525","targetHints":{"allow":["GET"]}}],"collection":[{"href":"https:\/\/archivioturi.lavocedelpaese.info\/index.php\/wp-json\/wp\/v2\/posts"}],"about":[{"href":"https:\/\/archivioturi.lavocedelpaese.info\/index.php\/wp-json\/wp\/v2\/types\/post"}],"author":[{"embeddable":true,"href":"https:\/\/archivioturi.lavocedelpaese.info\/index.php\/wp-json\/wp\/v2\/users\/1"}],"replies":[{"embeddable":true,"href":"https:\/\/archivioturi.lavocedelpaese.info\/index.php\/wp-json\/wp\/v2\/comments?post=12525"}],"version-history":[{"count":0,"href":"https:\/\/archivioturi.lavocedelpaese.info\/index.php\/wp-json\/wp\/v2\/posts\/12525\/revisions"}],"wp:attachment":[{"href":"https:\/\/archivioturi.lavocedelpaese.info\/index.php\/wp-json\/wp\/v2\/media?parent=12525"}],"wp:term":[{"taxonomy":"category","embeddable":true,"href":"https:\/\/archivioturi.lavocedelpaese.info\/index.php\/wp-json\/wp\/v2\/categories?post=12525"},{"taxonomy":"post_tag","embeddable":true,"href":"https:\/\/archivioturi.lavocedelpaese.info\/index.php\/wp-json\/wp\/v2\/tags?post=12525"}],"curies":[{"name":"wp","href":"https:\/\/api.w.org\/{rel}","templated":true}]}}