{"id":1252,"date":"2010-01-19T09:34:07","date_gmt":"2010-01-19T09:34:07","guid":{"rendered":"https:\/\/archivioturi.lavocedelpaese.info\/index.php\/2010\/01\/19\/festa-di-santantonio-abate-un-successo\/"},"modified":"2010-01-19T09:34:07","modified_gmt":"2010-01-19T09:34:07","slug":"festa-di-santantonio-abate-un-successo","status":"publish","type":"post","link":"https:\/\/archivioturi.lavocedelpaese.info\/index.php\/2010\/01\/19\/festa-di-santantonio-abate-un-successo\/","title":{"rendered":"FESTA DI SANT&#8217;ANTONIO ABATE, UN SUCCESSO"},"content":{"rendered":"<p style=\"text-align: justify;\"><img loading=\"lazy\" decoding=\"async\" class=\" size-full wp-image-1251\" src=\"https:\/\/archivioturi.lavocedelpaese.info\/wp-content\/uploads\/2010\/01\/56.jpg\" alt=\"56\" height=\"150\" width=\"320\" srcset=\"https:\/\/archivioturi.lavocedelpaese.info\/wp-content\/uploads\/2010\/01\/56.jpg 640w, https:\/\/archivioturi.lavocedelpaese.info\/wp-content\/uploads\/2010\/01\/56-300x141.jpg 300w\" sizes=\"auto, (max-width: 320px) 100vw, 320px\" \/><\/p>\n<p style=\"text-align: justify;\"><span style=\"font-size: 10pt;\"><span style=\"font-family: verdana,geneva;\">Si \u00e8 svolta domenica scorsa su Largo Pozzi la festa in onore di <strong>San\u2019Antonio Abate, protettore degli animali. <\/strong><\/span><\/span><\/p>\n<div style=\"text-align: justify;\"><\/div>\n<p style=\"text-align: justify;\"><span style=\"font-size: 10pt;\"><span style=\"font-family: verdana,geneva;\">Per l\u2019occasione, l\u2019<strong>Associazione \u201cTuresi a Cavallo\u201d <\/strong>ha organizzato una giornata dalla scaletta molto ricca: alle ore 18.00 \u00e8 cominciato il raduno degli animali, domestici e non, tutti al &#8220;guinzaglio&#8221; di padroni e padroncini. Alle ore 19.00 circa \u00e8 partita la processione religiosa dalla Chiesa Madre a Largo Pozzi, passando davanti la chiesa di San Giovanni e dal Carcere. Alle 19.30 il momento pi\u00f9 atteso: Don Giovanni Amodio ha benedetto tutti gli animali presenti. Subito dopo ha preso la parola il Sindaco, dott. Enzo Gigantelli, ringraziando l\u2019Associazione organizzatrice per l\u2019impegno profuso ogni anno per questa magnifica manifestazione e i cittadini per aver preso parte attivamente ad ogni sua fase.<\/span><\/span><\/p>\n<div style=\"text-align: justify;\"><\/div>\n<p style=\"text-align: justify;\"><span style=\"font-size: 10pt;\"><span style=\"font-family: verdana,geneva;\">Sebbene il rito nasca originariamente con l\u2019intento di benedire gli animali domestici per augurare agli allevatori un anno di serenit\u00e0 economica, negli ultimi anni \u00e8 diventata una consuetudine, per i bambini, quella di portare a far benedire anche gli animaletti pi\u00f9 inusuali: <strong>tartarughe, pesci rossi, criceti e piccoli rettili. <\/strong><\/span><\/span><\/p>\n<div style=\"text-align: justify;\"><\/div>\n<p style=\"text-align: justify;\"><span style=\"font-size: 10pt;\"><span style=\"font-family: verdana,geneva;\">La permanenza dei festanti \u00e8 stata allietata dal tepore emanato da un <strong>piccolo fal\u00f2<\/strong> creato su Largo Pozzi, acceso e tenuto a bada da Rocco Borracci, dalla <strong>degustazione di prodotti tipici locali<\/strong> presso appositi stands e dalle note della banda locale.<\/span><\/span><\/p>\n<div style=\"text-align: justify;\"><\/div>\n<p style=\"text-align: justify;\"><span style=\"font-size: 10pt;\"><span style=\"font-family: verdana,geneva;\"><strong>Il presidente dell\u2019Associazione organizzatrice, il sig. Tonio Palmisano<\/strong>, ha commentato positivamente i risultati ottenuti da questa manifestazione: \u201cSiamo contenti per la riuscita dell\u2019evento che di anno in anno riscontra sempre pi\u00f9 successo: questa volta abbiamo toccato le tremila presenze. A tutti i cittadini accorti va un ringraziamento particolare: con la loro costante presenza alle nostre iniziative noi potremo continuare a crescere come Associazione\u201d. Inoltre ha voluto ringraziare <strong>Don Giovanni Cipriani<\/strong> \u201cper aver donato come ogni anno la statua del Santo del giorno, custodita tutto l\u2019anno nell\u2019Oratorio, e la banda musicale SS. Maria Ausiliatrice, sempre attenta alle esigenze della associazione\u201d. <\/span><\/span><\/p>\n<p style=\"text-align: justify;\"><span style=\"font-size: 10pt;\"><span style=\"font-family: verdana,geneva;\"><strong>Intanto, a cura del signor Scotella, l&#8217;Associazione Turesi a Cavallo sta producendo una propria statua del santo.<\/strong><\/span><\/span><\/p>\n<div style=\"text-align: justify;\"><\/div>\n<p style=\"text-align: justify;\"><span style=\"font-size: 10pt;\"><span style=\"font-family: verdana,geneva;\">Va ricordato che \u201cl\u2019Associazione, trovandoci ad inizio anno solare, \u00e8 pronta a tesserare chiunque voglia farne parte per contribuire a livello organizzativo agli eventi\u201d.<\/span><\/span><\/p>\n<p style=\"text-align: justify;\">Visita http:\/\/picasaweb.google.it\/redazioneturiweb\/  2010\/cavalli{\/gallery}<\/p>\n<p><img decoding=\"async\" src=\"data:image\/png;base64,iVBORw0KGgoAAAANSUhEUgAAABYAAAAUCAYAAACJfM0wAAAABHNCSVQICAgIfAhkiAAAAAlwSFlzAAAK8AAACvABQqw0mAAAAB90RVh0U29mdHdhcmUATWFjcm9tZWRpYSBGaXJld29ya3MgOLVo0ngAAAAWdEVYdENyZWF0aW9uIFRpbWUAMDQvMDQvMDhrK9wWAAACLklEQVQ4jbXUP0wTcRQH8O\/9ekdjkT8CUqpee00bRyNNmSRSV0PcJJoQg2i6ODTExEUHg04OaNSppqtCjQ4ukDSKSuLUwcm4NNZcQYsIGtD+u\/f7MZSWXltqo\/Ul7\/JL7u7z3r3fLye53e5xj8ejoYWRSCSSstfr1YLBYHcr4XA4rMmMMciy3EoXjDHIjDEoivL\/4fefrP1P3nYEvqzLajOIo8fQz5\/cfH3cnVttCM8udQaODBxQFx44Ye9h4HxvdGWtgMlbSXV2SQoMHf0RNcGSJJlmvPLdos7fdyIWL+D5myx+ZwwUDAIRh2EU1wYRFItA6FwvIjdcGJr4qFYakiSBlTavlABwsJth7mUWmSyBOAfnAkQE4gKccxBx\/MoYmHmcxuH+NgAwGQ03j3NeRjjnoGqcC\/zcIgghAMBkNISJuKlbEy4EaKdoKerC5nNMxQdlgVx+t0siKhYQovwV1rbdtyoNxlhxxoqilBMA0uuES6Pt6NqP2hHsoDarhJuXD2F5NV\/uuJR1T4XLzvTJ25\/VyHUnzgzba0YkKq6pdB4T00m47EyvPhU1M54asy3ee5o55bvwQQWAr\/PHMBfbQGhGrykCANqARZ8asy3+ccYjg\/K3kcF9UQAYvrJ29dmrDUxHlnOxu72P+rpYrq5eFU39K649TCF0tnPB0WdtCt2z48rQHIp+8XTHu9ET7alm0aY6fnFHjda98a\/w3wZjDJLP5xv3+\/1aK+F4PJ7cBm32CUNiyI2GAAAAAElFTkSuQmCC\" style=\"border: medium none; margin: 0px; position: absolute; visibility: visible; color: transparent; z-index: 2147483647; left: 183px; top: 743px;\" id=\"fvdkoff-target-image\" \/><\/p>\n","protected":false},"excerpt":{"rendered":"<p style=\"text-align: justify;\"><img loading=\"lazy\" decoding=\"async\" class=\" size-full wp-image-1251\" src=\"https:\/\/archivioturi.lavocedelpaese.info\/wp-content\/uploads\/2010\/01\/56.jpg\" alt=\"56\" height=\"150\" width=\"320\" srcset=\"https:\/\/archivioturi.lavocedelpaese.info\/wp-content\/uploads\/2010\/01\/56.jpg 640w, https:\/\/archivioturi.lavocedelpaese.info\/wp-content\/uploads\/2010\/01\/56-300x141.jpg 300w\" sizes=\"auto, (max-width: 320px) 100vw, 320px\" \/><\/p>\n","protected":false},"author":1,"featured_media":1251,"comment_status":"open","ping_status":"closed","sticky":false,"template":"","format":"standard","meta":{"colormag_page_container_layout":"default_layout","colormag_page_sidebar_layout":"default_layout","footnotes":""},"categories":[7],"tags":[],"class_list":["post-1252","post","type-post","status-publish","format-standard","has-post-thumbnail","hentry","category-attualita"],"_links":{"self":[{"href":"https:\/\/archivioturi.lavocedelpaese.info\/index.php\/wp-json\/wp\/v2\/posts\/1252","targetHints":{"allow":["GET"]}}],"collection":[{"href":"https:\/\/archivioturi.lavocedelpaese.info\/index.php\/wp-json\/wp\/v2\/posts"}],"about":[{"href":"https:\/\/archivioturi.lavocedelpaese.info\/index.php\/wp-json\/wp\/v2\/types\/post"}],"author":[{"embeddable":true,"href":"https:\/\/archivioturi.lavocedelpaese.info\/index.php\/wp-json\/wp\/v2\/users\/1"}],"replies":[{"embeddable":true,"href":"https:\/\/archivioturi.lavocedelpaese.info\/index.php\/wp-json\/wp\/v2\/comments?post=1252"}],"version-history":[{"count":0,"href":"https:\/\/archivioturi.lavocedelpaese.info\/index.php\/wp-json\/wp\/v2\/posts\/1252\/revisions"}],"wp:featuredmedia":[{"embeddable":true,"href":"https:\/\/archivioturi.lavocedelpaese.info\/index.php\/wp-json\/wp\/v2\/media\/1251"}],"wp:attachment":[{"href":"https:\/\/archivioturi.lavocedelpaese.info\/index.php\/wp-json\/wp\/v2\/media?parent=1252"}],"wp:term":[{"taxonomy":"category","embeddable":true,"href":"https:\/\/archivioturi.lavocedelpaese.info\/index.php\/wp-json\/wp\/v2\/categories?post=1252"},{"taxonomy":"post_tag","embeddable":true,"href":"https:\/\/archivioturi.lavocedelpaese.info\/index.php\/wp-json\/wp\/v2\/tags?post=1252"}],"curies":[{"name":"wp","href":"https:\/\/api.w.org\/{rel}","templated":true}]}}