{"id":12488,"date":"2014-12-05T17:29:04","date_gmt":"2014-12-05T17:29:04","guid":{"rendered":"https:\/\/archivioturi.lavocedelpaese.info\/index.php\/2014\/12\/05\/la-divina-commedia-allites-pertini-montale\/"},"modified":"2014-12-05T17:29:04","modified_gmt":"2014-12-05T17:29:04","slug":"la-divina-commedia-allites-pertini-montale","status":"publish","type":"post","link":"https:\/\/archivioturi.lavocedelpaese.info\/index.php\/2014\/12\/05\/la-divina-commedia-allites-pertini-montale\/","title":{"rendered":"La Divina Commedia all\u2019ITES \u201cPertini &#8211; Montale\u201d"},"content":{"rendered":"<p><img loading=\"lazy\" decoding=\"async\" src=\"https:\/\/farm9.staticflickr.com\/8664\/15767269269_c4c80d8680_m.jpg\" width=\"193\" height=\"240\" alt=\"divina commedia\" \/><\/p>\n<p style=\"text-align: justify;\">L\u2019A.R.C.Ha di Bari (Associazione Ricreativa Culturale Handicap), da molti anni, \u00e8 impegnata nell\u2019assistenza e recupero dei ragazzi diversamente abili, con una serie di lodevoli iniziative.<\/p>\n<p style=\"text-align: justify;\">Ultimamente il gruppo dei ragazzi (circa 28), iscritti all\u2019associazione barese, ha portato in scena <strong>La Divina Commedia<\/strong>, su testo adattato dalla presidente dell\u2019ARCHa, la prof.ssa Lina Vinciguerra Nannavecchia, e con la regia di Nico Salatino.<\/p>\n<p style=\"text-align: justify;\">Si \u00e8 trattato di un momento altamente formativo ed emozionante per chi ha avuto il piacere di assistervi, oltre che per gli stessi attori-protagonisti.<\/p>\n<p style=\"text-align: justify;\">Non si \u00e8 trattato di una semplice forma di svago o una banale rappresentazione teatrale (di un testo peraltro complesso da portare in scena), ma di un vero e proprio laboratorio teatrale integrato, eterogeneo, condiviso, finalizzato a dar voce alla creativit\u00e0, espressione, emozione dei soggetti deboli, e a diffondere al contempo la cultura dell\u2019integrazione come processo di sensibilizzazione esterna, di riflessione comunitaria, di riduzione dei facili quanto scontati &nbsp;stereotipi per promuovere una effettiva integrazione sociale.<\/p>\n<p style=\"text-align: justify;\">Ora, lo spettacolo viene riproposto in due scuole della provincia di Bari: il 9 dicembre presso l\u2019ITES \u201cE. MONTALE\u201d di Rutigliano (10.00), e gioved\u00ec 11 dicembre nell\u2019auditorium dell\u2019ITES \u201cS. PERTINI\u201d di Turi (9.30 e 11.00), dimostratesi da subito sensibili alla finalit\u00e0 del progetto e al lavoro degli organizzatori.<\/p>\n<p style=\"text-align: justify;\">L\u2019obiettivo \u00e8 quello di preparare i ragazzi alla solidariet\u00e0 vissuta, anche in vista dell\u2019imminente festivit\u00e0 del Natale, e di diffondere l\u2019idea che qualsiasi limite non \u00e8 insuperabile ma pu\u00f2 trasformarsi in risorsa straordinaria, in concreta possibilit\u00e0 espressiva capace di sviluppare arte e sensibilit\u00e0, in tutti i casi.<\/p>\n<p style=\"text-align: justify;\">Lo spettacolo, non solo per gli alunni, \u00e8 aperto anche a quanti vorranno respirare un clima di buona scuola, dove si agisce per il bene di s\u00e9 e del prossimo.<\/p>\n<p><img loading=\"lazy\" decoding=\"async\" src=\"https:\/\/farm9.staticflickr.com\/8664\/15767269269_c4c80d8680.jpg\" width=\"402\" height=\"500\" alt=\"divina commedia\" \/><\/p>\n","protected":false},"excerpt":{"rendered":"<p><img loading=\"lazy\" decoding=\"async\" src=\"https:\/\/farm9.staticflickr.com\/8664\/15767269269_c4c80d8680_m.jpg\" width=\"193\" height=\"240\" alt=\"divina commedia\" \/><\/p>\n","protected":false},"author":1,"featured_media":0,"comment_status":"open","ping_status":"closed","sticky":false,"template":"","format":"standard","meta":{"colormag_page_container_layout":"default_layout","colormag_page_sidebar_layout":"default_layout","footnotes":""},"categories":[7],"tags":[],"class_list":["post-12488","post","type-post","status-publish","format-standard","hentry","category-attualita"],"_links":{"self":[{"href":"https:\/\/archivioturi.lavocedelpaese.info\/index.php\/wp-json\/wp\/v2\/posts\/12488","targetHints":{"allow":["GET"]}}],"collection":[{"href":"https:\/\/archivioturi.lavocedelpaese.info\/index.php\/wp-json\/wp\/v2\/posts"}],"about":[{"href":"https:\/\/archivioturi.lavocedelpaese.info\/index.php\/wp-json\/wp\/v2\/types\/post"}],"author":[{"embeddable":true,"href":"https:\/\/archivioturi.lavocedelpaese.info\/index.php\/wp-json\/wp\/v2\/users\/1"}],"replies":[{"embeddable":true,"href":"https:\/\/archivioturi.lavocedelpaese.info\/index.php\/wp-json\/wp\/v2\/comments?post=12488"}],"version-history":[{"count":0,"href":"https:\/\/archivioturi.lavocedelpaese.info\/index.php\/wp-json\/wp\/v2\/posts\/12488\/revisions"}],"wp:attachment":[{"href":"https:\/\/archivioturi.lavocedelpaese.info\/index.php\/wp-json\/wp\/v2\/media?parent=12488"}],"wp:term":[{"taxonomy":"category","embeddable":true,"href":"https:\/\/archivioturi.lavocedelpaese.info\/index.php\/wp-json\/wp\/v2\/categories?post=12488"},{"taxonomy":"post_tag","embeddable":true,"href":"https:\/\/archivioturi.lavocedelpaese.info\/index.php\/wp-json\/wp\/v2\/tags?post=12488"}],"curies":[{"name":"wp","href":"https:\/\/api.w.org\/{rel}","templated":true}]}}