{"id":12468,"date":"2014-12-01T19:29:08","date_gmt":"2014-12-01T19:29:08","guid":{"rendered":"https:\/\/archivioturi.lavocedelpaese.info\/index.php\/2014\/12\/01\/obiettivo-100mila-elettori\/"},"modified":"2014-12-01T19:29:08","modified_gmt":"2014-12-01T19:29:08","slug":"obiettivo-100mila-elettori","status":"publish","type":"post","link":"https:\/\/archivioturi.lavocedelpaese.info\/index.php\/2014\/12\/01\/obiettivo-100mila-elettori\/","title":{"rendered":"\u201cObiettivo 100mila elettori\u201d"},"content":{"rendered":"<p><img loading=\"lazy\" decoding=\"async\" src=\"https:\/\/farm9.staticflickr.com\/8606\/15299086114_bc253d778e_m.jpg\" width=\"214\" height=\"240\" alt=\"Ubaldo Pagano segretario provinciale PD\" \/><\/p>\n<p style=\"text-align: justify;\">\u201cLa politica serve a organizzare un modello di societ\u00e0. Se ci riappropriassimo di questa dimensione, capiremmo che la politica e le istituzioni non sono la quintessenza di una scalata per il potere\u201d.<\/p>\n<p style=\"text-align: justify;\">Comincia cos\u00ec la nostra conversazione con il giovane segretario provinciale del Partito Democratico, Ubaldo Pagano, ai microfoni del network \u201cLa Voce del Paese\u201d per una intervista esclusiva.<\/p>\n<p style=\"text-align: justify;\"><strong>Segretario, ma si potevano evitare queste primarie? Non prendiamoci in giro, Michele Emiliano, l\u2019ex sindaco di Bari, ne uscir\u00e0 comunque vincitore nei numeri. Che senso hanno queste primarie?<\/strong><\/p>\n<p style=\"text-align: justify;\">\u201cEmiliano sicuramente \u00e8 il candidato che meglio incarna la continuit\u00e0 del centro-sinistra alla guida della Regione Puglia, in un\u2019accezione di rinnovamento totale. Perch\u00e9 le primarie? Perch\u00e9, quando uno si d\u00e0 un sistema, un metodo, lo deve rispettare\u2026 Certo, Michele Emiliano, per la sua storia, avrebbe rappresentato un candidato naturale, per\u00f2 questo sarebbe andato a discapito dell\u2019unit\u00e0 della coalizione. E la coalizione \u00e8 un valore in s\u00e9, perch\u00e9 definisce un modello di gestione che ha governato 10 anni e che intende, rinnovandosi, governare per i prossimi 5. Il fatto di poter utilizzare le primarie, facendo scegliere ai cittadini questo patto fondativo rinnovato, \u00e8 di per se un valore aggiunto, a cui non abbiamo voluto far venir meno il nostro sforzo organizzativo. Gli stessi che qualche anno fa cercavano di convincerci della utilit\u00e0 stessa delle primarie, mi riferisco a quei soloni provenienti dal mondo accademico che cercavano di raccontarci delle primarie come valore assoluto e nuovo modello di fare politica, in questi giorni invece incominciano a mettere in dubbio il valore delle primarie, e riscoprono il valore delle trattative nelle segrete stanze. A me hanno insegnato che quando non si pu\u00f2 dare pi\u00f9 il buon esempio, si cominciano a dare buoni consigli. Vorrei dire a questi cattivi, o buoni maestri che dir si voglia, che il rapporto con il popolo \u00e8 connaturato col nostro stesso modo di stare insieme. Vorrei dire a costoro che senza le primarie perderemmo la nostra identit\u00e0\u201d.<\/p>\n<p style=\"text-align: justify;\"><strong>Perch\u00e9 il centrodestra non le fa?<\/strong><\/p>\n<p style=\"text-align: justify;\">\u201cLa verit\u00e0 \u00e8 che loro sono divisi su tutto verso la meta, non c\u2019\u00e8 pi\u00f9 nulla che li tenga insieme. Venuta meno la leadership carismatica di Berlusconi, non esiste pi\u00f9 un modello di destra europea. Il grande peccato originale di Berlusconi sta nel non essersi affidato a Gianfranco Fini, che da un punto di vista della strutturazione, rappresentava un modello di stampo europeo, senza derivazioni di carattere populistico. La scelta nel centrodestra non esiste. Guardo al prof. Schittulli, ora politicamente disoccupato, con rispetto, ma vorrei far notare che quando io non ero ancora nato, egli gi\u00e0 muoveva i suoi primi passi nel mondo accademico. \u00c8 mai possibile che la nostra generazione, nel 2015, debba essere rappresentata da una persona alla soglia dei 70 anni? Mentre il mondo va a velocit\u00e0 doppia, in Italia viviamo di continui flash back. Se un politico non ha una storia di decenni alle spalle non riesce a imporsi. Ci sono tantissimi giovani, bravissimi ragazzi del centro-destra, che potrebbero essere chiamati a ben altre responsabilit\u00e0. Riconosco molte capacit\u00e0 nel consigliere comunale di Bari, Fabio Romito, ma anche nella Melini, in Domenico Giannandrea, Emilio Romani sindaco di Monopoli\u2026 Tutte queste persone rappresentano una classe dirigente che si \u00e8 testata nell\u2019esercizio dell\u2019amministrazione degli enti locali\u201d.<\/p>\n<p style=\"text-align: justify;\"><strong>Quali sono le previsioni per le primarie di domenica? Con quale percentuale vincer\u00e0 Emiliano?<\/strong><\/p>\n<p style=\"text-align: justify;\">\u201cLa vera percentuale per Michele Emiliano \u00e8 che partecipino quante pi\u00f9 persone. Il vero obiettivo \u00e8 l\u2019affluenza. Ci auguriamo che si rechino a votare almeno 100mila elettori pugliesi\u201d.<\/p>\n","protected":false},"excerpt":{"rendered":"<p><img loading=\"lazy\" decoding=\"async\" src=\"https:\/\/farm9.staticflickr.com\/8606\/15299086114_bc253d778e_m.jpg\" width=\"214\" height=\"240\" alt=\"Ubaldo Pagano segretario provinciale PD\" \/><\/p>\n","protected":false},"author":1,"featured_media":0,"comment_status":"open","ping_status":"closed","sticky":false,"template":"","format":"standard","meta":{"colormag_page_container_layout":"default_layout","colormag_page_sidebar_layout":"default_layout","footnotes":""},"categories":[4],"tags":[],"class_list":["post-12468","post","type-post","status-publish","format-standard","hentry","category-politica"],"_links":{"self":[{"href":"https:\/\/archivioturi.lavocedelpaese.info\/index.php\/wp-json\/wp\/v2\/posts\/12468","targetHints":{"allow":["GET"]}}],"collection":[{"href":"https:\/\/archivioturi.lavocedelpaese.info\/index.php\/wp-json\/wp\/v2\/posts"}],"about":[{"href":"https:\/\/archivioturi.lavocedelpaese.info\/index.php\/wp-json\/wp\/v2\/types\/post"}],"author":[{"embeddable":true,"href":"https:\/\/archivioturi.lavocedelpaese.info\/index.php\/wp-json\/wp\/v2\/users\/1"}],"replies":[{"embeddable":true,"href":"https:\/\/archivioturi.lavocedelpaese.info\/index.php\/wp-json\/wp\/v2\/comments?post=12468"}],"version-history":[{"count":0,"href":"https:\/\/archivioturi.lavocedelpaese.info\/index.php\/wp-json\/wp\/v2\/posts\/12468\/revisions"}],"wp:attachment":[{"href":"https:\/\/archivioturi.lavocedelpaese.info\/index.php\/wp-json\/wp\/v2\/media?parent=12468"}],"wp:term":[{"taxonomy":"category","embeddable":true,"href":"https:\/\/archivioturi.lavocedelpaese.info\/index.php\/wp-json\/wp\/v2\/categories?post=12468"},{"taxonomy":"post_tag","embeddable":true,"href":"https:\/\/archivioturi.lavocedelpaese.info\/index.php\/wp-json\/wp\/v2\/tags?post=12468"}],"curies":[{"name":"wp","href":"https:\/\/api.w.org\/{rel}","templated":true}]}}