{"id":12442,"date":"2014-11-27T05:05:28","date_gmt":"2014-11-27T05:05:28","guid":{"rendered":"https:\/\/archivioturi.lavocedelpaese.info\/index.php\/2014\/11\/27\/il-canile-non-si-chiude\/"},"modified":"2014-11-27T05:05:28","modified_gmt":"2014-11-27T05:05:28","slug":"il-canile-non-si-chiude","status":"publish","type":"post","link":"https:\/\/archivioturi.lavocedelpaese.info\/index.php\/2014\/11\/27\/il-canile-non-si-chiude\/","title":{"rendered":"Il canile non si chiude"},"content":{"rendered":"<p><img loading=\"lazy\" decoding=\"async\" src=\"https:\/\/farm8.staticflickr.com\/7522\/15864998861_a8dabf41c9_m.jpg\" width=\"180\" height=\"240\" alt=\"Leo Spada\" \/><\/p>\n<p style=\"text-align: justify;\">Leo Spada voleva chiudere il canile di Turi? La risposta \u00e8 no. A negarlo a chiare lettere \u00e8 lo stesso delegato e consigliere. Da cosa sarebbe nato il malinteso? Probabilmente, come ci spiega lo stesso, da un momento di rabbia, in cui avrebbe accennato alla cosa, ma niente di pi\u00f9. I problemi del canile sono altri, come ci racconta, primo tra tutti quello dell\u2019esubero. Ci sarebbero circa sette cani in pi\u00f9 rispetto a quelli che la struttura pu\u00f2 effettivamente ospitare, cio\u00e8 venti animali. Questa la sua testimonianza: \u201cNon ho mai affermato di voler chiudere, anzi sto cercando di migliorarne la qualit\u00e0. In un momento di rabbia ho detto \u201callora che facciamo, lo chiudiamo?\u201d, l\u2019ho detto per il semplice fatto che siamo in esubero da circa tre anni, una situazione che si protrae ormai da troppo tempo. Il responsabile veterinario mi ha chiesto di adeguarmi alla normativa, altrimenti lo avrebbe fatto chiudere\u201d. Purtroppo, da quanto ci racconta Spada, il problema sarebbe proprio questo, se non si torna nei limiti consentiti, il canile rischierebbe la chiusura: \u201cSe non si adegua, alla fine la chiusura diventer\u00e0 quasi un fatto obbligatorio che non dipender\u00e0 da me. La mia volont\u00e0 non \u00e8 questa, anzi stiamo lavorando per migliorarlo ed ingrandirlo, valutando anche se il resto del mattatoio possa essere recuperato per farne un rifugio per cani. Mi diceva chi gestisce attualmente il nostro canile che per la prima volta dopo anni di gestione, sta vedendo un amministratore che si sta effettivamente impegnando, sta lavorando per il canile. Ha detto che l\u00e0 non \u00e8 mai andato nessuno. Io sono andato varie volte perch\u00e9 la questione degli animali l\u2019affronto con un certo senso di responsabilit\u00e0\u201d e riporta alla memoria la microchippatura organizzata a Largo Pozzi il 12 agosto di quest\u2019anno: \u201cLa ASL mi ha detto che mai nessun comune in Puglia ha fatto una cosa del genere, quindi insieme a Lavinia Orlando me ne posso prendere la paternit\u00e0\u201d. Inoltre \u201csto organizzando una sorta di sensibilizzazione per le masserie dove andremo a fare la sterilizzazione in loco e microchippatura in loco dei cani\u201d. Ci sono altre proposte per il sovraffollamento del canile? La risposta \u00e8 positiva: si starebbe pensando alla prassi del \u201ccane di quartiere\u201d, pur non essendo previsto dal nostro regolamento: \u201cSi potrebbero mettere sul territorio i cani pi\u00f9 tranquilli, che potrebbero essere adottati in una condizione di semi libert\u00e0, se chi li adotta non li vuole in casa. Solo che il nostro regolamento non prevede il cane di quartiere. Sto lavorando affinch\u00e9 si faccia anche questo. Il regolamento va modificato anche sulla base della legge nazionale, che vi assicuro non \u00e8 uno scherzo. Oggi occuparsi degli animali \u00e8 un impegno piuttosto sostanzioso\u201d. Al momento pare sia giunta solo una richiesta per questo tipo di adozione. Spostare gli animali in strutture di altri paese, pur volendo, sarebbe comunque difficile, perch\u00e9 i canili in genere sono strapieni, come quello di Cassano: \u201cVi assicuro che \u00e8 una bolgia infernale \u2013 lo descrive cos\u00ec Spada \u2013. Noi ne abbiamo mandati alcuni l\u00ec e stiamo verificano se siano ancora vivi, cosa non facile, perch\u00e9 altrimenti pagheremmo le spese di animali che non ci sono pi\u00f9. Stiamo cercando una soluzione, ma non \u00e8 facile\u201d. Nel frattempo si \u00e8 rotto un congelatore dove vengono depositate le carcasse dei cani deceduti prima che venga a prenderli la ASL e ne \u00e8 stato acquistato uno nuovo, \u00e8 stato rifatto l\u2019impianto elettrico: \u201cQuesto a dimostrazione che non vi \u00e8 nessuna intenzione di chiudere. Non posso e non lo voglio chiudere, non \u00e8 mai stata una mia intenzione\u201d &#8211; ribadisce.<\/p>\n<p style=\"text-align: justify;\">Preferisce non dare spazio alle parole di chi parla senza conoscere effettivamente la realt\u00e0 dei fatti e conclude dicendo: \u201cUn consigliere comunale pu\u00f2 essere delegato dal Sindaco, a sua discrezione, in qualsiasi momento e in merito a qualsiasi settore. Questa norma nel regolamento comunale fu introdotta dall\u2019Amministrazione Gigantelli. Lo dico giusto per chiarire le follie di qualche vero usurpatore di mestieri. D\u2019altronde chi ha vergogna di dichiarare il proprio lavoro non \u00e8 degno di considerazione\u201d.<\/p>\n","protected":false},"excerpt":{"rendered":"<p><img loading=\"lazy\" decoding=\"async\" src=\"https:\/\/farm8.staticflickr.com\/7522\/15864998861_a8dabf41c9_m.jpg\" width=\"180\" height=\"240\" alt=\"Leo Spada\" \/><\/p>\n","protected":false},"author":1,"featured_media":0,"comment_status":"open","ping_status":"closed","sticky":false,"template":"","format":"standard","meta":{"colormag_page_container_layout":"default_layout","colormag_page_sidebar_layout":"default_layout","footnotes":""},"categories":[7],"tags":[],"class_list":["post-12442","post","type-post","status-publish","format-standard","hentry","category-attualita"],"_links":{"self":[{"href":"https:\/\/archivioturi.lavocedelpaese.info\/index.php\/wp-json\/wp\/v2\/posts\/12442","targetHints":{"allow":["GET"]}}],"collection":[{"href":"https:\/\/archivioturi.lavocedelpaese.info\/index.php\/wp-json\/wp\/v2\/posts"}],"about":[{"href":"https:\/\/archivioturi.lavocedelpaese.info\/index.php\/wp-json\/wp\/v2\/types\/post"}],"author":[{"embeddable":true,"href":"https:\/\/archivioturi.lavocedelpaese.info\/index.php\/wp-json\/wp\/v2\/users\/1"}],"replies":[{"embeddable":true,"href":"https:\/\/archivioturi.lavocedelpaese.info\/index.php\/wp-json\/wp\/v2\/comments?post=12442"}],"version-history":[{"count":0,"href":"https:\/\/archivioturi.lavocedelpaese.info\/index.php\/wp-json\/wp\/v2\/posts\/12442\/revisions"}],"wp:attachment":[{"href":"https:\/\/archivioturi.lavocedelpaese.info\/index.php\/wp-json\/wp\/v2\/media?parent=12442"}],"wp:term":[{"taxonomy":"category","embeddable":true,"href":"https:\/\/archivioturi.lavocedelpaese.info\/index.php\/wp-json\/wp\/v2\/categories?post=12442"},{"taxonomy":"post_tag","embeddable":true,"href":"https:\/\/archivioturi.lavocedelpaese.info\/index.php\/wp-json\/wp\/v2\/tags?post=12442"}],"curies":[{"name":"wp","href":"https:\/\/api.w.org\/{rel}","templated":true}]}}