{"id":12431,"date":"2014-11-20T14:31:43","date_gmt":"2014-11-20T14:31:43","guid":{"rendered":"https:\/\/archivioturi.lavocedelpaese.info\/index.php\/2014\/11\/20\/la-trasparenza-e-una-cosa-seria\/"},"modified":"2014-11-20T14:31:43","modified_gmt":"2014-11-20T14:31:43","slug":"la-trasparenza-e-una-cosa-seria","status":"publish","type":"post","link":"https:\/\/archivioturi.lavocedelpaese.info\/index.php\/2014\/11\/20\/la-trasparenza-e-una-cosa-seria\/","title":{"rendered":"\u201cLa trasparenza \u00e8 una cosa seria\u201d"},"content":{"rendered":"<p><img loading=\"lazy\" decoding=\"async\" src=\"https:\/\/farm6.staticflickr.com\/5030\/14043550232_18d239ed67_n.jpg\" width=\"320\" height=\"261\" alt=\"Carmine Catalano\" \/><\/p>\n<p style=\"text-align: justify;\">Carmine Catalano torna a far sentire la sua voce. Senza preamboli, apre il suo discorso con la questione del randagismo: \u201cUna ventina di giorni fa Leo Spada, capogruppo di maggioranza e delegato al randagismo&nbsp; voleva chiudere il canile di Turi per mandare questi cani a Cassano delle Murge. &nbsp;Per fortuna la Consigliera Arianna Gasparro si \u00e8 opposta al provvedimento, grazie a lei quei cani resteranno a Turi, perch\u00e9 se fossero stati trasferiti avrebbero fatto una brutta fine: sappiamo benissimo che quello a Cassano non \u00e8 un canile ma un lager. Per questo dico a Leo Spada: prima di chiedere un\u2019ordinanza del genere, conta fino a mille, non fino a cento, perch\u00e9 una cosa del genere \u00e8 scandalosa. Cos\u00ec come scandalosa \u00e8 la questione del campo sportivo. Si sapeva che sarebbe stata tolta la luce, perch\u00e9 c\u2019erano problemi, ma il delegato allo sport, sempre Leo Spada, non ha detto niente a nessuno. A Turi non ci sono spazi e attrattive per i giovani, sono del tutto assenti attivit\u00e0 ricreative dopo la scuola, questo problema ricade sulle famiglie. Visto che ha preso pi\u00f9 di 300 voti, non dovrebbe stare tutti i giorni al Comune, ma andare a vedere le problematiche del territorio, di cosa hanno realmente bisogno le persone\u201d.<\/p>\n<p style=\"text-align: justify;\">Torna a puntare il dito contro la Tari, la cui delibera, stando a quanto riferisce, presenterebbe una mancanza. \u201c Il calcolo della Tari viene fatto in base al numero delle persone e ai metri quadri. Sulla delibera, per\u00f2, non c\u2019\u00e8 scritto come deve essere calcolata la tassa per i depositi. Questo pone un dubbio: se dovesse essere &nbsp;calcolata in base a persone e metri quadri, c\u2019\u00e8 un difetto e in quel caso si pu\u00f2 fare ricorso. Caro Tardi, caro Sindaco, volete spiegare ai cittadini come deve essere applicata la Tari sui depositi? O facciamo l\u2019ennesima figuraccia?\u201d<\/p>\n<p style=\"text-align: justify;\">Catalano solleva altre due questioni, riguardanti due strade tristemente note per il loro sfortunato destino: \u201cvia Lidl\u201d e via Schuman. \u201cSu via Lidl c\u2019\u00e8 un grosso problema. La ditta che doveva fare i lavori \u00e8 fallita e ne \u00e8 subentrata un\u2019altra. Sindaco, lei ha la delega all\u2019urbanistica. I cittadini devono sapere come devono essere effettuati i lavori, chi li deve fare? La trasparenza \u00e8 una cosa seria. Vogliamo risolvere questo problema che c\u2019\u00e8 da anni? &nbsp;Per quanto riguarda via Schuman, \u00e8 stata fatta una riunione ad agosto a cui hanno partecipato tutti gli abitanti di quella strada. Siamo a novembre e non \u00e8 ancora successo niente. La questione doveva essere portata in un consiglio comunale, ma \u00e8 stata poi rinviata perch\u00e9 alcune persone della maggioranza, che dovevano votare quel provvedimento hanno ricevuto la documentazione solo all\u2019ultimo momento\u201d.<\/p>\n<p style=\"text-align: justify;\">Chiede trasparenza anche sui costi dell\u2019abbattimento del cinema Zaccheo e dell\u2019ospedale: \u201cNoi cittadini vogliamo sapere quanto \u00e8 venuto a costare l\u2019abbattimento dell\u2019ospedale e la costruzione della nuova villa comunale su via Conversano, che non ha lampioni della luce, panchine, marciapiedi. Quanto abbiamo speso per la progettazione di quell\u2019area? Per la manodopera?. I cittadini devono sapere come sono andate le cose. Sono iniziati i lavori per l\u2019abbattimento cinema Zaccheo. Anche di questo i cittadini devono conoscere le cifre, perch\u00e9 pagano le tasse e i servizi sono garantiti al minimo, nonostante la Tasi sia stata portata al massimo\u201d.<\/p>\n<p style=\"text-align: justify;\">\u201cSo che il sindaco si sta muovendo per l\u2019area sequestrata alla ditta Forese \u2013 prosegue nella sua esposizione \u2013. Sindaco, questa cosa si doveva fare quattro mesi fa, quando si \u00e8 insediato, perch\u00e9 sappiamo bene che la ditta Forese che \u00e8 stata messa in liquidazione dal giudice e che c\u2019\u00e8 un curatore fallimentare che sta vendendo le case in base all\u2019ordinanza del giudice e i primi creditori, quando si vende una casa, sono gli Enti locali, provinciali e regionali. Solo ora ci muoviamo per chiedere gli oneri di urbanizzazione (che sono circa 600 mila euro), che questa ditta deve al Comune? Ci muoviamo sempre dopo che si fanno le cose\u201d \u2013 conclude ironicamente.<\/p>\n<p style=\"text-align: justify;\">Nemmeno in questa occasione Catalano si dimentica del Poliambulatorio: \u201cVenerd\u00ec chiudiamo la raccolta firme per il Poliambulatorio e da luned\u00ec iniziamo a mandare le lettere direttamente a Gioia del Colle, Bari, all\u2019Assessore regionale alla sanit\u00e0, al sindaco Coppi e a tutti i medici di base di Turi perch\u00e9 bisogna risolvere il problema.&nbsp; Sono state raccolte circa mille firme. Pensavo molte di pi\u00f9, ma purtroppo c\u2019\u00e8 stata una strumentalizzazione politica da parte di questa Amministrazione, che non mi aspettavo, perch\u00e9 \u00e8 un fatto che non riguarda la politica, ma i cittadini. Si tratta di un atteggiamento politicamente ostile che pagheranno caro, perch\u00e9 i cittadini si ricorderanno a tempo debito di quello che stanno facendo queste persone. Quello a cui puntiamo \u00e8 organizzare un incontro al Comune di Turi con tutte le parti in causa\u201d.<\/p>\n<p style=\"text-align: justify;\">Infine spende qualche parola sulle case popolari e sempre rivolgendosi all\u2019Amministrazione afferma: \u201cSo che vi state muovendo dopo quattro mesi per le case popolari e so che avete mandato delle lettere a casa delle persone che vivono in queste abitazioni per conoscerne il reddito 2013 e valutare il da farsi. Prima di tutto, non si mandano lettere con una modulistica dove \u00e8 il cittadino che dichiara il reddito senza avere un riscontro di quanto effettivamente guadagna. Chi lo fa il riscontro che di buona norma deve essere fatto dall\u2019Ufficio delle Entrate? Su questo faccio appello al consigliere Vito Notarnicola: so che ti stai muovendo in maniera molto energica e puntuale, per\u00f2 facciamo le cose sul serio\u201d.&nbsp;&nbsp;<\/p>\n","protected":false},"excerpt":{"rendered":"<p><img loading=\"lazy\" decoding=\"async\" src=\"https:\/\/farm6.staticflickr.com\/5030\/14043550232_18d239ed67_n.jpg\" width=\"320\" height=\"261\" alt=\"Carmine Catalano\" \/><\/p>\n","protected":false},"author":1,"featured_media":0,"comment_status":"open","ping_status":"closed","sticky":false,"template":"","format":"standard","meta":{"colormag_page_container_layout":"default_layout","colormag_page_sidebar_layout":"default_layout","footnotes":""},"categories":[7],"tags":[],"class_list":["post-12431","post","type-post","status-publish","format-standard","hentry","category-attualita"],"_links":{"self":[{"href":"https:\/\/archivioturi.lavocedelpaese.info\/index.php\/wp-json\/wp\/v2\/posts\/12431","targetHints":{"allow":["GET"]}}],"collection":[{"href":"https:\/\/archivioturi.lavocedelpaese.info\/index.php\/wp-json\/wp\/v2\/posts"}],"about":[{"href":"https:\/\/archivioturi.lavocedelpaese.info\/index.php\/wp-json\/wp\/v2\/types\/post"}],"author":[{"embeddable":true,"href":"https:\/\/archivioturi.lavocedelpaese.info\/index.php\/wp-json\/wp\/v2\/users\/1"}],"replies":[{"embeddable":true,"href":"https:\/\/archivioturi.lavocedelpaese.info\/index.php\/wp-json\/wp\/v2\/comments?post=12431"}],"version-history":[{"count":0,"href":"https:\/\/archivioturi.lavocedelpaese.info\/index.php\/wp-json\/wp\/v2\/posts\/12431\/revisions"}],"wp:attachment":[{"href":"https:\/\/archivioturi.lavocedelpaese.info\/index.php\/wp-json\/wp\/v2\/media?parent=12431"}],"wp:term":[{"taxonomy":"category","embeddable":true,"href":"https:\/\/archivioturi.lavocedelpaese.info\/index.php\/wp-json\/wp\/v2\/categories?post=12431"},{"taxonomy":"post_tag","embeddable":true,"href":"https:\/\/archivioturi.lavocedelpaese.info\/index.php\/wp-json\/wp\/v2\/tags?post=12431"}],"curies":[{"name":"wp","href":"https:\/\/api.w.org\/{rel}","templated":true}]}}