{"id":12430,"date":"2014-11-20T11:29:56","date_gmt":"2014-11-20T11:29:56","guid":{"rendered":"https:\/\/archivioturi.lavocedelpaese.info\/index.php\/2014\/11\/20\/fabrizio-resta-manifesta-con-cgil-cisl-e-uil-a-roma\/"},"modified":"2014-11-20T11:29:56","modified_gmt":"2014-11-20T11:29:56","slug":"fabrizio-resta-manifesta-con-cgil-cisl-e-uil-a-roma","status":"publish","type":"post","link":"https:\/\/archivioturi.lavocedelpaese.info\/index.php\/2014\/11\/20\/fabrizio-resta-manifesta-con-cgil-cisl-e-uil-a-roma\/","title":{"rendered":"Fabrizio Resta manifesta con Cgil, Cisl e Uil a Roma"},"content":{"rendered":"<p><img loading=\"lazy\" decoding=\"async\" src=\"https:\/\/farm6.staticflickr.com\/5615\/15818060121_0cbb6e660c_n.jpg\" width=\"320\" height=\"240\" alt=\"FIOM ROMA\" \/><\/p>\n<p style=\"text-align: justify;\">Il coordinatore del circolo SEL di Turi, Fabrizio Resta, si \u00e8 recato a Roma per prendere parte alla manifestazione nazionale dei lavoratori pubblici, organizzata l\u20198 novembre scorso da Cgil, Cisl e Uil, con il seguente punto all\u2019ordine del giorno: \u201cIn piazza per difendere i servizi ai cittadini e il salario dei lavoratori\u201d.<\/p>\n<p style=\"text-align: justify;\"><strong>Gentile dott. Resta, l&#8217;8 novembre si \u00e8 recato a Roma per una manifestazione nazionale dei lavoratori dei servizi pubblici. Pu\u00f2 spiegarci di cosa si \u00e8 trattato? <\/strong><\/p>\n<p style=\"text-align: justify;\">\u201cPrima di tutto Sig. Resta. sono laureato, \u00e8 vero, ma le etichette mi piacciono solo sui prodotti commerciali. L&#8217;8 Novembre \u00e8 stata la massima espressione della dignit\u00e0 di decine e decine di migliaia di lavoratori e lavoratrici dei servizi pubblici, ma anche studenti e numerosi pensionati, che in modo pacifico e in un clima anche allegro, si mobilitano per chiedere un cambiamento rispetto alle politiche del governo. \u00c8 l\u2019unico strumento che abbiamo per contrastare la costante aggressione che avviene sul terreno della democrazia, degli elementi fondamentali per la dignit\u00e0 dei lavoratori che sta attuando Renzi. Non \u00e8 possibile decidere il loro futuro e le loro retribuzioni a prescindere dalle esigenze dei soggetti che, lo ricordiamo, continuano a rappresentare servizi fondamentali per tutta la cittadinanza. La legge di stabilit\u00e0, invece, va proprio in questa direzione, perch\u00e8 in realt\u00e0 taglia. Taglia i lavoratori pubblici e taglia i servizi. L&#8217;8 Novembre serve per risvegliare una speranza di un futuro; affinch\u00e9 la crisi non la paghino i soliti noti\u201d.<\/p>\n<p style=\"text-align: justify;\"><strong>Quali erano i motivi della protesta?<\/strong><\/p>\n<p style=\"text-align: justify;\">\u201cI lavoratori di ben dodici categorie di Cgil, Cisl e Uil, comprendendo persino delegazioni dei lavoratori delle forze di polizia sono stanchi di essere criminalizzati come casta di privilegiati fannulloni, garantiti da un posto fisso e da un sindacato che li tutela a prescindere. La spesa per il personale \u00e8 sceso in 5 anni di oltre 9 miliardi mentre la spesa complessiva \u00e8 comunque salita di 14. Questo significa che la legge di stabilit\u00e0 si fa beffe del lavoro pubblico e per coprire l&#8217;incapacit\u00e0 di garantire i servizi blocca gli stipendi gi\u00e0 fermi da sei anni e tutela gli sprechi e le sacche di privilegio. In piazza c&#8217;erano anche precari al quarto anno di tirocinio ancora oggi ignorati. Cos\u00ec facendo non si esce dalla crisi ma la si acutizza. Bisogna invece fare dell&#8217;istruzione il nostro &#8220;petrolio&#8221;, investire sulle competenze, investire su Universit\u00e0, ricerca e conoscenza che deve continuare anche dopo l&#8217;assunzione, ma specifico del settore d&#8217;appartenenza. Serve sbloccare salari e carriere ma soprattutto equiparare i contratti. Oggigiorno ci sono lavoratori esterni o privati che fanno lo stesso lavoro ma con diritti e salari inferiori. Soprattutto serve riorganizzare i servizi affinch\u00e8 siano pi\u00f9 efficienti e che siano pi\u00f9 vicini alle esigenze dei cittadini\u201d.<\/p>\n<p style=\"text-align: justify;\"><strong>Cosa l&#8217;ha spinta a partecipare? <\/strong><\/p>\n<p style=\"text-align: justify;\">\u201cLavoro presso il reparto Malattie Metaboliche Genetiche dell&#8217;Ospedale Giovanni XXIII e tra i vari compiti che svolgo, i pi\u00f9 rilevanti sono le esenzioni per le malattie rare e gli screening neonatali di tuttala Regione Puglia.E&#8217; necessario effettuare una diagnosi il pi\u00f9 precocemente possibile con mezzi il meno invasivi possibili. Per questo motivo si effettua lo screening neonatale, all&#8217;incirca il terzo giorno di vita, consistente in un prelievo dal tallone eseguito dal centro di nascita che successivamente viene consegnato presso di noi e analizzato. Se c&#8217;\u00e8 qualcosa che non va \u00e8 fondamentale intervenire immediatamente. Prima viene fatta la diagnosi, prima si pu\u00f2 intervenire e meglio e pi\u00f9 \u201cnormale\u201d, sar\u00e0 la vita di colui che \u00e8 affetto da malattie metaboliche rare. Per questo motivo \u00e8 in procinto di partire lo screening neonatale &#8220;allargato&#8221; che comprender\u00e0, oltre alla Fenilchetonuria anchela Neurofibromatosi, fino ad arrivare, col tempo, a comprendere ben 40 malattie rare che attualmente non vengono prese in tempo e condannano molti bambini a vivere con serie disabilit\u00e0 e a volte, non vivere.&nbsp; Ma naturalmente, la diagnostica va di pari passo con la ricerca e con il mettere a disposizione dei fondi per poter allestire laboratori specializzati. Servono attrezzature, personale infermieristico, amministrativo e di laboratorio. La rarit\u00e0 di queste malattie comporta per\u00f2 il rischio di venire ignorate. La legge di stabilit\u00e0 fa proprio questo: obbligher\u00e0 ai tagli del personale, che ridurrano standard di prestazioni. Perch\u00e8 togliere il futuro a questi bambini? perch\u00e8 far pagare a loro la crisi quando si possono eliminare gli sprechi? Bisogna capire che non si vive solo di finanza. Ecco, sono andato per i &#8220;miei&#8221; bambini, perch\u00e8 una logica politica eccessivamente economicistica, non finisca per soffocare bisogni che parlano un linguaggio diverso dai numeri\u201d.<\/p>\n<p style=\"text-align: justify;\"><strong>Sono in programma altre manifestazioni del genere?<\/strong><\/p>\n<p style=\"text-align: justify;\">\u201cI segretari generali della Cgil, Cisl e Uil si sono riuniti dopo la manifestazione per decidere azioni future. Compito di un sindacato non \u00e8 fare ostruzionismo ma chiedere e lottare per i diritti dei lavoratori e delle lavoratrici. Se da parte del governo, come auspichiamo, ci sar\u00e0 apertura e disponibilit\u00e0 al confronto, non vedo motivo di continuare a manifestare, altrimenti noi saremo ancora li a manifestare. Per ora, la prossima tappa \u00e8 lo sciopero generale del 21 Novembre a Napoli e ancora una volta ci uniremo a tutte le altre categorie di lavoratori e lavoratrici allo scopo di far sentire le nostre ragioni\u201d.<\/p>\n","protected":false},"excerpt":{"rendered":"<p><img loading=\"lazy\" decoding=\"async\" src=\"https:\/\/farm6.staticflickr.com\/5615\/15818060121_0cbb6e660c_n.jpg\" width=\"320\" height=\"240\" alt=\"FIOM ROMA\" \/><\/p>\n","protected":false},"author":1,"featured_media":0,"comment_status":"open","ping_status":"closed","sticky":false,"template":"","format":"standard","meta":{"colormag_page_container_layout":"default_layout","colormag_page_sidebar_layout":"default_layout","footnotes":""},"categories":[4],"tags":[],"class_list":["post-12430","post","type-post","status-publish","format-standard","hentry","category-politica"],"_links":{"self":[{"href":"https:\/\/archivioturi.lavocedelpaese.info\/index.php\/wp-json\/wp\/v2\/posts\/12430","targetHints":{"allow":["GET"]}}],"collection":[{"href":"https:\/\/archivioturi.lavocedelpaese.info\/index.php\/wp-json\/wp\/v2\/posts"}],"about":[{"href":"https:\/\/archivioturi.lavocedelpaese.info\/index.php\/wp-json\/wp\/v2\/types\/post"}],"author":[{"embeddable":true,"href":"https:\/\/archivioturi.lavocedelpaese.info\/index.php\/wp-json\/wp\/v2\/users\/1"}],"replies":[{"embeddable":true,"href":"https:\/\/archivioturi.lavocedelpaese.info\/index.php\/wp-json\/wp\/v2\/comments?post=12430"}],"version-history":[{"count":0,"href":"https:\/\/archivioturi.lavocedelpaese.info\/index.php\/wp-json\/wp\/v2\/posts\/12430\/revisions"}],"wp:attachment":[{"href":"https:\/\/archivioturi.lavocedelpaese.info\/index.php\/wp-json\/wp\/v2\/media?parent=12430"}],"wp:term":[{"taxonomy":"category","embeddable":true,"href":"https:\/\/archivioturi.lavocedelpaese.info\/index.php\/wp-json\/wp\/v2\/categories?post=12430"},{"taxonomy":"post_tag","embeddable":true,"href":"https:\/\/archivioturi.lavocedelpaese.info\/index.php\/wp-json\/wp\/v2\/tags?post=12430"}],"curies":[{"name":"wp","href":"https:\/\/api.w.org\/{rel}","templated":true}]}}