{"id":12425,"date":"2014-11-19T18:31:09","date_gmt":"2014-11-19T18:31:09","guid":{"rendered":"https:\/\/archivioturi.lavocedelpaese.info\/index.php\/2014\/11\/19\/si-riunisce-la-seconda-commissione-novita-in-arrivo\/"},"modified":"2014-11-19T18:31:09","modified_gmt":"2014-11-19T18:31:09","slug":"si-riunisce-la-seconda-commissione-novita-in-arrivo","status":"publish","type":"post","link":"https:\/\/archivioturi.lavocedelpaese.info\/index.php\/2014\/11\/19\/si-riunisce-la-seconda-commissione-novita-in-arrivo\/","title":{"rendered":"Si riunisce la Seconda Commissione: novit\u00e0 in arrivo"},"content":{"rendered":"<p><img loading=\"lazy\" decoding=\"async\" src=\"https:\/\/farm9.staticflickr.com\/8617\/15632046009_2b8f356b87_n.jpg\" width=\"320\" height=\"212\" alt=\"Leo Spada\" \/><\/p>\n<p style=\"text-align: justify;\">Mercoled\u00ec scorso si \u00e8 riunita la Seconda Commissione per discutere la questione dei valori venali dei terreni edificabili. Un breve commento sulla seduta ce lo rilascia il capogruppo e presidente della suddetta Commissione, Leo Spada: \u201cIeri alle 16.00 la Seconda Commissione, che ho l\u2019onore di presiedere, si \u00e8 riunita per ridefinire i valori dei nuovi suoli edificabili della zona F, i cosiddetti valori venali. Abbiamo ritenuto opportuno convocare i tecnici per avere da parte loro un supporto tecnico, proposte che ci aiutino ad indicare all\u2019ingegnere comunale di ricalcolare quei benedetti valori, che noi stessi siamo conviti essere sproporzionati. Nel corso dell\u2019incontro siamo arrivati ad una conclusione: i tecnici ci hanno fornito una proposta ufficiale, che noi analizzeremo marted\u00ec prossimo e delibereremo in concomitanza al parere tecnico che l\u2019ingegnere comunale dovrebbe darci, per poi chiedere alla Giunta una nuova delibera che sostituisca la vecchia. Diamo tutta la nostra disponibilit\u00e0 affinch\u00e9 questi valori vengano modificati, perch\u00e9 siamo convinti \u2013 come detto prima \u2013 che siano sproporzionati.\u201d&nbsp;<\/p>\n","protected":false},"excerpt":{"rendered":"<p><img loading=\"lazy\" decoding=\"async\" src=\"https:\/\/farm9.staticflickr.com\/8617\/15632046009_2b8f356b87_n.jpg\" width=\"320\" height=\"212\" alt=\"Leo Spada\" \/><\/p>\n","protected":false},"author":1,"featured_media":0,"comment_status":"open","ping_status":"closed","sticky":false,"template":"","format":"standard","meta":{"colormag_page_container_layout":"default_layout","colormag_page_sidebar_layout":"default_layout","footnotes":""},"categories":[4],"tags":[],"class_list":["post-12425","post","type-post","status-publish","format-standard","hentry","category-politica"],"_links":{"self":[{"href":"https:\/\/archivioturi.lavocedelpaese.info\/index.php\/wp-json\/wp\/v2\/posts\/12425","targetHints":{"allow":["GET"]}}],"collection":[{"href":"https:\/\/archivioturi.lavocedelpaese.info\/index.php\/wp-json\/wp\/v2\/posts"}],"about":[{"href":"https:\/\/archivioturi.lavocedelpaese.info\/index.php\/wp-json\/wp\/v2\/types\/post"}],"author":[{"embeddable":true,"href":"https:\/\/archivioturi.lavocedelpaese.info\/index.php\/wp-json\/wp\/v2\/users\/1"}],"replies":[{"embeddable":true,"href":"https:\/\/archivioturi.lavocedelpaese.info\/index.php\/wp-json\/wp\/v2\/comments?post=12425"}],"version-history":[{"count":0,"href":"https:\/\/archivioturi.lavocedelpaese.info\/index.php\/wp-json\/wp\/v2\/posts\/12425\/revisions"}],"wp:attachment":[{"href":"https:\/\/archivioturi.lavocedelpaese.info\/index.php\/wp-json\/wp\/v2\/media?parent=12425"}],"wp:term":[{"taxonomy":"category","embeddable":true,"href":"https:\/\/archivioturi.lavocedelpaese.info\/index.php\/wp-json\/wp\/v2\/categories?post=12425"},{"taxonomy":"post_tag","embeddable":true,"href":"https:\/\/archivioturi.lavocedelpaese.info\/index.php\/wp-json\/wp\/v2\/tags?post=12425"}],"curies":[{"name":"wp","href":"https:\/\/api.w.org\/{rel}","templated":true}]}}