{"id":12418,"date":"2014-11-18T09:08:23","date_gmt":"2014-11-18T09:08:23","guid":{"rendered":"https:\/\/archivioturi.lavocedelpaese.info\/index.php\/2014\/11\/18\/ciao-don\/"},"modified":"2014-11-18T09:08:23","modified_gmt":"2014-11-18T09:08:23","slug":"ciao-don","status":"publish","type":"post","link":"https:\/\/archivioturi.lavocedelpaese.info\/index.php\/2014\/11\/18\/ciao-don\/","title":{"rendered":"\u201cCiao Don\u201d"},"content":{"rendered":"<p><img loading=\"lazy\" decoding=\"async\" src=\"https:\/\/farm9.staticflickr.com\/8116\/15617814098_0687abd64e_n.jpg\" width=\"320\" height=\"240\" alt=\"DSC04040\" \/><\/p>\n<p style=\"text-align: justify;\">Nonostante il calore della serata, la luce della Chiesa, l\u2019affetto dei presenti, \u00e8 stata una domenica di grandi commozioni, quella che lo scorso 9 novembre la Parrocchia Maria SS. Ausiliatrice ha vissuto.<\/p>\n<p style=\"text-align: justify;\">L\u2019ultima celebrazione di Don Maurizio Caldararo ha chiamato tantissimi fedeli, turesi e amici, a condividere con il Parroco, questo importante momento.<\/p>\n<p style=\"text-align: justify;\">Sempre con la sua grande forza, con grande carisma e parole dolci e ferme, Don Maurizio ha parlato alla sua comunit\u00e0, di cui \u00e8 stato guida per dieci anni e che non ha potuto mancare a quella che \u00e8 stata la serata degli arrivederci. Non era un addio, ma un saluto a chi, con grande forza e capacit\u00e0, ha accompagnato la parrocchia per tutti questi anni, attirando tantissimi ragazzi e facendo loro vivere il vero spirito della Chiesa, della famiglia, della comunit\u00e0 cristiana.<\/p>\n<p style=\"text-align: justify;\">\u201cLa Chiesa \u00e8 chiesa se tu, coro, sai cantare le lodi del Signore; la Chiesa \u00e8 chiesa se tu, scout, ti adoperi per chiamare a te ragazzi e per insegnare loro il piacere della condivisione e non per avere un locale; la Chiesa \u00e8 chiesa se tu, banda, suoni per il Signore e non per la tradizione; la Chiesa \u00e8 chiesa se tu, fedele, porti il Signore nella tua casa; la Chiesa \u00e8 chiesa se tu, parroco, parli e ti fai immagine del Signore\u201d \u2013 ha evidenziato Don Maurizio nella sua travolgente omelia. \u201cLa Chiesa siamo noi\u201d \u2013 ha cos\u00ec continuato, riportando le parole di San Paolo, aggiungendo l\u2019importanza di tutti a dare valore alla \u201cChiesa, perch\u00e9 \u00e8 fatta dagli uomini, vero edificio del Signore, non dalle mura\u201d. \u201cFate s\u00ec che ognuno sia testimone, rappresenti, viva il Signore e non l\u2019immagine di se stesso, perch\u00e9 noi, nulla siamo!\u201d \u2013 ha sottolineato, calcando il tono sull\u2019essere \u201ctutti una famiglia, da sostenere con la preghiera\u201d.<\/p>\n<p style=\"text-align: justify;\">Gi\u00e0 a met\u00e0 celebrazione, la Chiesa, gremita, fissava l\u2019altare con gli occhi lucidi e tanti i fazzoletti che poi, al termine della Santa Messa, hanno asciugato le lacrime di chi ha salutato, con il cuore, Don Maurizio Caldararo. \u201cTi ringraziamo per essere stato un prete di periferia, sempre nell\u2019ultima fila e al servizio di tutti, soprattutto di chi era in difficolt\u00e0, dei pi\u00f9 umili\u201d \u2013 ha aggiunto la catechista e maestra Mariantonietta Spada, leggendo una lettera a nome della comunit\u00e0 parrocchiale. \u201cLa scuola la ringrazia, per il suo grande impegno nei confronti dei piccoli, con il doposcuola per i bambini stranieri\u2026 noi ti ringraziamo per essere stato sempre attento e vicino con i pi\u00f9 bisognosi\u201d. \u201cGrazie Don, grazie amico, grazie padre\u201d \u2013 ha proseguito Renzo Di Pinto. \u201cIn dieci anni abbiamo costruito un filo che ci legher\u00e0 per sempre e noi ti ringraziamo per tutto quello che \u00e8 stato creato\u201d \u2013 e con parole toccanti si \u00e8 rivolto al parroco presentando un omaggio che la Parrocchia ha voluto fargli: una Casula.<\/p>\n<p style=\"text-align: justify;\">Con gli occhi lucidi, una voce rotta dall\u2019emozione, ha cos\u00ec preso la parola lo stesso Don Maurizio che ha sottolineato il grande sostegno e la grande fiducia che a lui, sin dal primo giorno, sono stati dati dalla comunit\u00e0 parrocchiale. \u201cSono consapevole dei miei tanti difetti e so anche che sono stato pesante!\u201d. \u201cGrazie di cuore a tutti, perch\u00e9 senza di voi, Don Maurizio non avrebbe fatto nulla\u201d. Un nodo alla gola, il cuore colmo di commozione ha impedito a Don Maurizio di proseguire con il suo saluto, ma all\u2019unisono, tutti i fedeli l\u2019hanno applaudito, asciugando le lacrime che rigavano il viso.<\/p>\n<p style=\"text-align: justify;\">Cos\u00ec, uno dopo l\u2019altro, si \u00e8 diretto a salutare per l\u2019ultima volta Don Maurizio, ringraziandolo per tutto quello che in questi anni ha regalato alla comunit\u00e0 turese.<\/p>\n<p><object width=\"640\" height=\"480\"><param name=\"flashvars\" value=\"offsite=true&amp;lang=it-it&amp;page_show_url=%2Fphotos%2F91470992%40N02%2Fsets%2F72157648902787149%2Fshow%2F&amp;page_show_back_url=%2Fphotos%2F91470992%40N02%2Fsets%2F72157648902787149%2F&amp;set_id=72157648902787149&amp;jump_to=\" \/><param name=\"movie\" value=\"https:\/\/www.flickr.com\/apps\/slideshow\/show.swf?v=1811922554\" \/><param name=\"allowFullScreen\" value=\"true\" \/><embed type=\"application\/x-shockwave-flash\" src=\"https:\/\/www.flickr.com\/apps\/slideshow\/show.swf?v=1811922554\" allowfullscreen=\"true\" flashvars=\"offsite=true&amp;lang=it-it&amp;page_show_url=%2Fphotos%2F91470992%40N02%2Fsets%2F72157648902787149%2Fshow%2F&amp;page_show_back_url=%2Fphotos%2F91470992%40N02%2Fsets%2F72157648902787149%2F&amp;set_id=72157648902787149&amp;jump_to=\" width=\"640\" height=\"480\" \/><\/object><\/p>\n","protected":false},"excerpt":{"rendered":"<p><img loading=\"lazy\" decoding=\"async\" src=\"https:\/\/farm9.staticflickr.com\/8116\/15617814098_0687abd64e_n.jpg\" width=\"320\" height=\"240\" alt=\"DSC04040\" \/><\/p>\n","protected":false},"author":1,"featured_media":0,"comment_status":"open","ping_status":"closed","sticky":false,"template":"","format":"standard","meta":{"colormag_page_container_layout":"default_layout","colormag_page_sidebar_layout":"default_layout","footnotes":""},"categories":[7],"tags":[],"class_list":["post-12418","post","type-post","status-publish","format-standard","hentry","category-attualita"],"_links":{"self":[{"href":"https:\/\/archivioturi.lavocedelpaese.info\/index.php\/wp-json\/wp\/v2\/posts\/12418","targetHints":{"allow":["GET"]}}],"collection":[{"href":"https:\/\/archivioturi.lavocedelpaese.info\/index.php\/wp-json\/wp\/v2\/posts"}],"about":[{"href":"https:\/\/archivioturi.lavocedelpaese.info\/index.php\/wp-json\/wp\/v2\/types\/post"}],"author":[{"embeddable":true,"href":"https:\/\/archivioturi.lavocedelpaese.info\/index.php\/wp-json\/wp\/v2\/users\/1"}],"replies":[{"embeddable":true,"href":"https:\/\/archivioturi.lavocedelpaese.info\/index.php\/wp-json\/wp\/v2\/comments?post=12418"}],"version-history":[{"count":0,"href":"https:\/\/archivioturi.lavocedelpaese.info\/index.php\/wp-json\/wp\/v2\/posts\/12418\/revisions"}],"wp:attachment":[{"href":"https:\/\/archivioturi.lavocedelpaese.info\/index.php\/wp-json\/wp\/v2\/media?parent=12418"}],"wp:term":[{"taxonomy":"category","embeddable":true,"href":"https:\/\/archivioturi.lavocedelpaese.info\/index.php\/wp-json\/wp\/v2\/categories?post=12418"},{"taxonomy":"post_tag","embeddable":true,"href":"https:\/\/archivioturi.lavocedelpaese.info\/index.php\/wp-json\/wp\/v2\/tags?post=12418"}],"curies":[{"name":"wp","href":"https:\/\/api.w.org\/{rel}","templated":true}]}}