{"id":12399,"date":"2014-11-10T15:42:29","date_gmt":"2014-11-10T15:42:29","guid":{"rendered":"https:\/\/archivioturi.lavocedelpaese.info\/index.php\/2014\/11\/10\/lalbero-della-lis\/"},"modified":"2014-11-10T15:42:29","modified_gmt":"2014-11-10T15:42:29","slug":"lalbero-della-lis","status":"publish","type":"post","link":"https:\/\/archivioturi.lavocedelpaese.info\/index.php\/2014\/11\/10\/lalbero-della-lis\/","title":{"rendered":"L\u2019Albero della LIS"},"content":{"rendered":"<p><img loading=\"lazy\" decoding=\"async\" src=\"https:\/\/farm8.staticflickr.com\/7579\/15571234409_4f5a90104c_n.jpg\" alt=\"L'Albero della LIS\" width=\"320\" height=\"232\" \/><\/p>\n<p style=\"text-align: justify;\">Come una ciliegia che \u201cuna attira l\u2019altra\u201d, cos\u00ec Pietro Carenza dimostra di avere una grande capacit\u00e0 artistica e tanta creativit\u00e0 cos\u00ec dal primo quadro scultura, oggi ci mostra, in anteprima il suo \u201cAlbero del Silenzio\u201d, l\u2019Albero della Lis (Lingua Italiana dei Segni).<\/p>\n<p style=\"text-align: justify;\">Con lui, e ci viene da dire, grazie a Pietro, tutti i nostri pi\u00f9 attenti lettori hanno imparato a conoscere il mondo dei Sordi, perch\u00e9 come spesso Pietro ama sottolineare, \u201csiamo Sordi!\u201d, con una lingua, con dei segni, con gesti che noi per primi abbiamo provato e rappresentano un alfabeto che in ogni luogo del mondo permette di raccontare e parlare.<\/p>\n<p><img loading=\"lazy\" decoding=\"async\" src=\"https:\/\/farm6.staticflickr.com\/5102\/13958630680_23d98763e2_n.jpg\" alt=\"pietro carenza a Vittuone\" width=\"320\" height=\"240\" style=\"margin-top: 10px; margin-bottom: 10px; margin-left: 10px; float: right;\" \/><\/p>\n<p style=\"text-align: justify;\">Mese dopo mese Pietro Carenza si impegna e realizza quadri e sculture, ma i suoi sentimenti, oltre che visivamente, permette di leggerli, attraverso le sue poesie. Recente la sua partecipazione, e recita, a Porto Recanati ed oggi, il nostro concittadino si presenta con un\u2019altra lirica.<\/p>\n<p style=\"text-align: justify;\">\u201cLa Poesia \u2013 ci racconta &#8211; \u00e8 stata scritta dopo aver fatto l&#8217;albero, ma l&#8217;Idea c&#8217;era gi\u00e0 da prima\u201d. Non \u00e8 la prima volta che Pietro si cimenta in questa doppia veste, poeta ed artista scultore. Lo abbiamo gi\u00e0 conosciuto con &#8220;Abbracci&#8221; ed oggi, si ripete. Infatti, prosegue \u2013 \u201cquesto mio nuovo modo di far poesie abbinato all&#8217;arte era nei miei sogni fin da piccolo\u201d. Ci mostra cos\u00ec l\u2019Albero della Lis, una scultura particolare sin dalla prima vista, \u201cfatta con fili metallici ricoperti di cartapesta, dove su ogni ramo \u00e8 stata inserita una lettera dell&#8217;alfabeto della LIS, ed la relativa mini scultura, riproducendo la stessa lettera, ad esempio sulla foglia con la lettera A, ho inserito la mini scultura della LIS che riproduce la A\u201d. minuziosa e paritcolare, la scultura di Pietro racconta da sola il mondo della sordit\u00e0 e nella sua semplicit\u00e0 racchiude l\u2019universo che tale mondo conserva.<\/p>\n<p style=\"text-align: justify;\">\u201cL&#8217;Albero della LIS ha un Significato molto ampio \u2013 quindi specifica Pietro &#8211; e i suoi frutti sono le lettere dell&#8217;alfabeto della LIS, ed unendo ogni lettera si formano delle parole o frasi\u201d. Presto le parole di Pietro rimandano a quanto sta accadendo in questi giorni in varie citt\u00e0, dove \u201csi protesta per avere il riconoscimento della lingua dei segni, anche se non tutti sono favorevoli; anzi \u2013 ci spiega in chiusura &#8211; molti sono contrari, addirittura tra noi sordi, come dire litighiamo tra fratelli sordi, quindi nella poesia ho fatto riferimento anche a questo\u201d.<\/p>\n<p><img loading=\"lazy\" decoding=\"async\" src=\"https:\/\/farm6.staticflickr.com\/5607\/15733380306_e84ef7d8ed_c.jpg\" width=\"800\" height=\"460\" alt=\"Turi Albero Lis Pietro Carenza\" \/><\/p>\n","protected":false},"excerpt":{"rendered":"<p><img loading=\"lazy\" decoding=\"async\" src=\"https:\/\/farm8.staticflickr.com\/7579\/15571234409_4f5a90104c_n.jpg\" alt=\"L'Albero della LIS\" width=\"320\" height=\"232\" \/><\/p>\n","protected":false},"author":1,"featured_media":0,"comment_status":"open","ping_status":"closed","sticky":false,"template":"","format":"standard","meta":{"colormag_page_container_layout":"default_layout","colormag_page_sidebar_layout":"default_layout","footnotes":""},"categories":[6],"tags":[],"class_list":["post-12399","post","type-post","status-publish","format-standard","hentry","category-cultura"],"_links":{"self":[{"href":"https:\/\/archivioturi.lavocedelpaese.info\/index.php\/wp-json\/wp\/v2\/posts\/12399","targetHints":{"allow":["GET"]}}],"collection":[{"href":"https:\/\/archivioturi.lavocedelpaese.info\/index.php\/wp-json\/wp\/v2\/posts"}],"about":[{"href":"https:\/\/archivioturi.lavocedelpaese.info\/index.php\/wp-json\/wp\/v2\/types\/post"}],"author":[{"embeddable":true,"href":"https:\/\/archivioturi.lavocedelpaese.info\/index.php\/wp-json\/wp\/v2\/users\/1"}],"replies":[{"embeddable":true,"href":"https:\/\/archivioturi.lavocedelpaese.info\/index.php\/wp-json\/wp\/v2\/comments?post=12399"}],"version-history":[{"count":0,"href":"https:\/\/archivioturi.lavocedelpaese.info\/index.php\/wp-json\/wp\/v2\/posts\/12399\/revisions"}],"wp:attachment":[{"href":"https:\/\/archivioturi.lavocedelpaese.info\/index.php\/wp-json\/wp\/v2\/media?parent=12399"}],"wp:term":[{"taxonomy":"category","embeddable":true,"href":"https:\/\/archivioturi.lavocedelpaese.info\/index.php\/wp-json\/wp\/v2\/categories?post=12399"},{"taxonomy":"post_tag","embeddable":true,"href":"https:\/\/archivioturi.lavocedelpaese.info\/index.php\/wp-json\/wp\/v2\/tags?post=12399"}],"curies":[{"name":"wp","href":"https:\/\/api.w.org\/{rel}","templated":true}]}}