{"id":12393,"date":"2014-11-10T08:42:49","date_gmt":"2014-11-10T08:42:49","guid":{"rendered":"https:\/\/archivioturi.lavocedelpaese.info\/index.php\/2014\/11\/10\/un-attimo-ed-esplodeva-tutto\/"},"modified":"2014-11-10T08:42:49","modified_gmt":"2014-11-10T08:42:49","slug":"un-attimo-ed-esplodeva-tutto","status":"publish","type":"post","link":"https:\/\/archivioturi.lavocedelpaese.info\/index.php\/2014\/11\/10\/un-attimo-ed-esplodeva-tutto\/","title":{"rendered":"Un attimo, ed esplodeva tutto!"},"content":{"rendered":"<p><img loading=\"lazy\" decoding=\"async\" src=\"https:\/\/farm4.staticflickr.com\/3939\/15119961493_4d15b02456_n.jpg\" width=\"320\" height=\"212\" alt=\"I vigili del fuoco intervenuti da Putignano\" \/><\/p>\n<p style=\"text-align: justify;\">Gas e aria sono una miscela esplosiva. Quando questa materia \u00e8 in fuga, una volta raggiunta la concentrazione giusta in ambienti pi\u00f9 o meno chiusi, si miscela con l\u2019ossigeno restante, e alla prima scintilla esplode come una bomba. Questo \u00e8 il drammatico finale cui \u00e8 scampato mercoled\u00ec 5 novembre, un intero palazzone di 5 piani che si eleva al di sopra del caff\u00e8 Black Devil, nella centralissima via Maria Assunta.<\/p>\n<p style=\"text-align: justify;\">L\u2019edificio \u00e8 stato fatto evacuare dai soccorritori del 118, gli agenti della polizia locale, dai pompieri e dagli operatori dell\u2019Italgas. Quando vicini e residenti occupanti l\u2019edificio, a mezzogiorno in punto, si sono visti arrivare mezzi e soccorsi, si sono resi conto della gravit\u00e0 e della superficialit\u00e0 con cui si erano sottovalutate le prime fuoriuscite di gas fiutata ben 24 ore prima, gi\u00e0 da marted\u00ec 4 novembre, un giorno festivo che poteva chiudersi con i botti.<\/p>\n<p style=\"text-align: justify;\">A fine intervento, il commento di un operatore \u00e8 come una doccia gelata che blocca il sudore caldo di questa giornata concitata: \u201cTroppo superficiali \u2013 si indigna l\u2019esperto, confidandosi \u2013 poteva esplodere tutto quanto da un momento all\u2019altro, anche durante il nostro intervento. Hanno rischiato grosso\u201d.<\/p>\n<p style=\"text-align: justify;\">Come \u00e8 possibile che nessuno abbia pensato di lanciare prima l\u2019allerta? Testimoni e residenti del quartiere avevano segnalato fuoriuscite di gas e cattivi odori gi\u00e0 dalla sera di luned\u00ec 3 novembre. Marted\u00ec, i cattivi odori hanno preoccupato tutte le famiglie e i vicini residenti.<\/p>\n<p style=\"text-align: justify;\">Confusione, apprensione, superficialit\u00e0 hanno fatto credere che le fuoriuscite provenissero dal sottosuolo, o dagli scantinati del palazzo. Invece i pompieri hanno seguito gli effluvi e sono giunti al secondo piano: era qui la \u201cbomba\u201d disinnescata giusto in tempo. Un piano occupato da un\u2019intera famiglia che ha convissuto per giorni con le perdite.<\/p>\n<p style=\"text-align: justify;\"><strong>2 anni fa la tragedia a Conversano: intera famigliola sterminata.<\/strong><\/p>\n<p style=\"text-align: justify;\">In queste giornate dedicate al ricordo dovremmo imparare a fare buon uso dell\u2019esercizio della memoria. Ricordiamo che non sono passati nemmeno tre anni dalla tragedia di via Zingari. Infatti, il 7 giugno del 2012, nel centro storico della vicina Conversano, un\u2019intera famigliola olandese di origini conversanesi, fu sterminata dall\u2019esplosione e dal conseguente crollo di una palazzina: padre Bernardo Vitto, madre Welmoedh e il figlioletto Gianni Angelo di appena 18 mesi trovarono la tomba in quella che doveva essere la casa pi\u00f9 calda e accogliente delle vacanze in Puglia. Erano gli unici residenti nell\u2019istante fatale in cui la leggerezza delle fuoriuscite di metano si fece insostenibile, addensandosi in quelle piccole e suggestive nicchie di tufi e pietre.&nbsp;<\/p>\n<p style=\"text-align: justify;\">Oggi quella casa non c\u2019\u00e8 pi\u00f9. La memoria non si cancella.<\/p>\n","protected":false},"excerpt":{"rendered":"<p><img loading=\"lazy\" decoding=\"async\" src=\"https:\/\/farm4.staticflickr.com\/3939\/15119961493_4d15b02456_n.jpg\" width=\"320\" height=\"212\" alt=\"I vigili del fuoco intervenuti da Putignano\" \/><\/p>\n","protected":false},"author":1,"featured_media":0,"comment_status":"open","ping_status":"closed","sticky":false,"template":"","format":"standard","meta":{"colormag_page_container_layout":"default_layout","colormag_page_sidebar_layout":"default_layout","footnotes":""},"categories":[8],"tags":[],"class_list":["post-12393","post","type-post","status-publish","format-standard","hentry","category-cronaca"],"_links":{"self":[{"href":"https:\/\/archivioturi.lavocedelpaese.info\/index.php\/wp-json\/wp\/v2\/posts\/12393","targetHints":{"allow":["GET"]}}],"collection":[{"href":"https:\/\/archivioturi.lavocedelpaese.info\/index.php\/wp-json\/wp\/v2\/posts"}],"about":[{"href":"https:\/\/archivioturi.lavocedelpaese.info\/index.php\/wp-json\/wp\/v2\/types\/post"}],"author":[{"embeddable":true,"href":"https:\/\/archivioturi.lavocedelpaese.info\/index.php\/wp-json\/wp\/v2\/users\/1"}],"replies":[{"embeddable":true,"href":"https:\/\/archivioturi.lavocedelpaese.info\/index.php\/wp-json\/wp\/v2\/comments?post=12393"}],"version-history":[{"count":0,"href":"https:\/\/archivioturi.lavocedelpaese.info\/index.php\/wp-json\/wp\/v2\/posts\/12393\/revisions"}],"wp:attachment":[{"href":"https:\/\/archivioturi.lavocedelpaese.info\/index.php\/wp-json\/wp\/v2\/media?parent=12393"}],"wp:term":[{"taxonomy":"category","embeddable":true,"href":"https:\/\/archivioturi.lavocedelpaese.info\/index.php\/wp-json\/wp\/v2\/categories?post=12393"},{"taxonomy":"post_tag","embeddable":true,"href":"https:\/\/archivioturi.lavocedelpaese.info\/index.php\/wp-json\/wp\/v2\/tags?post=12393"}],"curies":[{"name":"wp","href":"https:\/\/api.w.org\/{rel}","templated":true}]}}