{"id":12390,"date":"2014-11-13T04:34:45","date_gmt":"2014-11-13T04:34:45","guid":{"rendered":"https:\/\/archivioturi.lavocedelpaese.info\/index.php\/2014\/11\/13\/ladozione-di-un-bambino-come-funziona\/"},"modified":"2014-11-13T04:34:45","modified_gmt":"2014-11-13T04:34:45","slug":"ladozione-di-un-bambino-come-funziona","status":"publish","type":"post","link":"https:\/\/archivioturi.lavocedelpaese.info\/index.php\/2014\/11\/13\/ladozione-di-un-bambino-come-funziona\/","title":{"rendered":"L\u2019adozione di un bambino: come funziona"},"content":{"rendered":"<p><img loading=\"lazy\" decoding=\"async\" src=\"https:\/\/farm8.staticflickr.com\/7547\/15554114907_fa68fab523_m.jpg\" width=\"180\" height=\"240\" alt=\"L'avvocato Mimmo Busco\" \/><\/p>\n<p style=\"text-align: justify;\">La necessit\u00e0 di avviare una procedura di adozione nazionale o internazionale dipende principalmente non dai soggetti che intendono avere un figlio, piuttosto dal diritto del minore ad una famiglia. Esistono infatti soggetti che per qualche sfortunata ragione, si trovano ad essere fin dalla nascita o dalla minore et\u00e0, privi di assistenza materiale e morale, e per cui il nostro ordinamento, a tutela di ci\u00f2, prevede la possibilit\u00e0 dell\u2019 inserimento in un nucleo familiare che sia in grado di assolvere diritti e doveri negati dalla famiglia naturale.<\/p>\n<p style=\"text-align: justify;\">Per tale ragione il minore ha un insindacabile diritto a vivere, crescere ed essere educato nell&#8217;ambito di una famiglia (Art. 1 Legge n. 184 del 1983 \u2013 nel testo sostituito dalla Legge n. 149 del 2001), senza distinzione di sesso, di etnia, di et\u00e0, di lingua, di religione e nel rispetto della identit\u00e0 culturale di chiunque.<\/p>\n<p style=\"text-align: justify;\">\u00c8 importante sapere che prima di ottenere una dichiarazione circa lo stato di adottabilit\u00e0 di un minore, i Tribunali per i Minorenni unitamente ai servizi sociali di zona, svolgono una rigorosa verifica di eventuali possibilit\u00e0 di recupero della famiglia biologica di origine e soprattutto la verifica delle relative condizioni di affettuosit\u00e0 e di accoglienza del bambino. L&#8217;istituto dell&#8217;adozione, idonea a far troncare i rapporti tra l&#8217;adottato e la famiglia biologica d&#8217;origine, \u00e8 da considerarsi una soluzione estrema ma necessaria per garantire la serenit\u00e0 di un bambino, allorquando la frequentazione con i genitori naturali, esponga il minore a gravi pericoli per la sua salute fisica e psichica.<\/p>\n<p style=\"text-align: justify;\">Al fine di avviare una pratica di adozione i coniugi devono innanzitutto essere uniti in matrimonio o convivere stabilmente da almeno tre anni nonch\u00e9 devono essere idonei ad educare, istruire ed in grado di mantenere i minori che intendono adottare.<\/p>\n<p style=\"text-align: justify;\">Il Procuratore della Repubblica presso il Tribunale per i Minorenni, dopo aver assunto le necessarie informazioni, con ricorso motivato chiede al Tribunale di dichiarare l&#8217;adottabilit\u00e0 dei minori, tra quelli segnalati e collocati presso le comunit\u00e0 di tipo familiare, che risultano in situazioni di abbandono. Il minore che ha compiuto quattordici anni, o che li compia nel corso del procedimento, perch\u00e9 possa essere adottato deve prestare personalmente il consenso.<\/p>\n<p style=\"text-align: justify;\">Il consenso del minore in questo caso \u00e8 vincolante e il suo rifiuto ad essere adottato \u00e8 insuperabile. Il minore che ha compiuto dodici anni dovr\u00e0 essere sempre ascoltato, mentre quando ha un&#8217;et\u00e0 inferiore a dodici anni potr\u00e0 essere sentito in considerazione della sua capacit\u00e0 di discernimento, valutata caso per caso ed in considerazione della maturit\u00e0 psicofisica raggiunta.<\/p>\n<p style=\"text-align: justify;\">Chi intende adottare un bambino deve presentare domanda al Tribunale per i Minorenni specificando l&#8217;eventuale disponibilit\u00e0 ad adottare pi\u00f9 fratelli. Tale domanda dovr\u00e0 essere corredata da una serie di documenti relativi alla idoneit\u00e0 fisica dei soggetti adottanti e alla condizione abitativa e reddituale. La domanda pu\u00f2 essere presentata a pi\u00f9 Tribunali per i Minorenni, purch\u00e9 se ne dia comunicazione a tutti i Tribunali precedentemente aditi. L&#8217;et\u00e0 degli adottanti deve superare di almeno diciotto e di non pi\u00f9 di quarantacinque anni l&#8217;et\u00e0 dell&#8217;adottando, con la possibilit\u00e0 di deroga in caso di situazioni pregiudizievoli per il minore. La domanda decade dopo tre anni dalla presentazione.<\/p>\n<p style=\"text-align: justify;\">L&#8217;adozione vera a propria \u00e8 preceduta da quello che viene definito &#8220;affidamento preadottivo&#8221; e, una volta intervenuta, &#8220;spezza&#8221; ogni vincolo di parentela fra il minore e i suoi familiari naturali, conferendo al bambino lo stato di figlio legittimo degli adottanti.<\/p>\n<p style=\"text-align: justify;\"><strong>Per contattare l\u2019esperto, segnalare casi, porre quesiti, scrivere alla seguente mail:<\/strong><br \/> <a href=\"mailto:studiolegalerisponde@gmail.com\" target=\"_blank\" rel=\"noopener\">studiolegalerisponde@gmail.com<\/a><\/p>\n<p style=\"text-align: justify;\">****** <strong><\/strong><\/p>\n<p style=\"text-align: justify;\"><strong>CHI \u00c8 L\u2019AVVOCATO MIMMO BUSCO<\/strong><\/p>\n<p style=\"text-align: justify;\">L&#8217;avvocato Busco con Studio in Bari e Roma si occupa di diritto civile ed in particolare di diritto di famiglia, adozioni nazionali ed internazionali, successioni, eredit\u00e0, ricorsi contro l&#8217;INPS, ricorsi per amministratori di sostegno, piccoli e grandi risarcimenti, recupero crediti, responsabilit\u00e0 professionali, locazioni e condomini.<\/p>\n<p style=\"text-align: justify;\">Attualmente occupa l\u2019incarico di consulente legale per il CRAL di HP Italia per tutte le sedi italiane, per La voce del Paese, per l&#8217;Associazione Radici, per l&#8217;Associazione Internazionale Missione Solidariet\u00e0 e Fraternit\u00e0 per la sede di Bari.&nbsp; Laureato presso l&#8217;Universit\u00e0 degli Studi di Bari \u00e8 iscritto all&#8217;Ordine degli Avvocati di Bari. E&#8217; anche laureato in Teologia presso l&#8217;Istituto Superiore di Scienze Religiose di Bari.<\/p>\n","protected":false},"excerpt":{"rendered":"<p><img loading=\"lazy\" decoding=\"async\" src=\"https:\/\/farm8.staticflickr.com\/7547\/15554114907_fa68fab523_m.jpg\" width=\"180\" height=\"240\" alt=\"L'avvocato Mimmo Busco\" \/><\/p>\n","protected":false},"author":1,"featured_media":0,"comment_status":"open","ping_status":"closed","sticky":false,"template":"","format":"standard","meta":{"colormag_page_container_layout":"default_layout","colormag_page_sidebar_layout":"default_layout","footnotes":""},"categories":[7],"tags":[],"class_list":["post-12390","post","type-post","status-publish","format-standard","hentry","category-attualita"],"_links":{"self":[{"href":"https:\/\/archivioturi.lavocedelpaese.info\/index.php\/wp-json\/wp\/v2\/posts\/12390","targetHints":{"allow":["GET"]}}],"collection":[{"href":"https:\/\/archivioturi.lavocedelpaese.info\/index.php\/wp-json\/wp\/v2\/posts"}],"about":[{"href":"https:\/\/archivioturi.lavocedelpaese.info\/index.php\/wp-json\/wp\/v2\/types\/post"}],"author":[{"embeddable":true,"href":"https:\/\/archivioturi.lavocedelpaese.info\/index.php\/wp-json\/wp\/v2\/users\/1"}],"replies":[{"embeddable":true,"href":"https:\/\/archivioturi.lavocedelpaese.info\/index.php\/wp-json\/wp\/v2\/comments?post=12390"}],"version-history":[{"count":0,"href":"https:\/\/archivioturi.lavocedelpaese.info\/index.php\/wp-json\/wp\/v2\/posts\/12390\/revisions"}],"wp:attachment":[{"href":"https:\/\/archivioturi.lavocedelpaese.info\/index.php\/wp-json\/wp\/v2\/media?parent=12390"}],"wp:term":[{"taxonomy":"category","embeddable":true,"href":"https:\/\/archivioturi.lavocedelpaese.info\/index.php\/wp-json\/wp\/v2\/categories?post=12390"},{"taxonomy":"post_tag","embeddable":true,"href":"https:\/\/archivioturi.lavocedelpaese.info\/index.php\/wp-json\/wp\/v2\/tags?post=12390"}],"curies":[{"name":"wp","href":"https:\/\/api.w.org\/{rel}","templated":true}]}}