{"id":12382,"date":"2014-11-03T11:57:34","date_gmt":"2014-11-03T11:57:34","guid":{"rendered":"https:\/\/archivioturi.lavocedelpaese.info\/index.php\/2014\/11\/03\/anche-sel-fa-sentire-la-sua-voce\/"},"modified":"2014-11-03T11:57:34","modified_gmt":"2014-11-03T11:57:34","slug":"anche-sel-fa-sentire-la-sua-voce","status":"publish","type":"post","link":"https:\/\/archivioturi.lavocedelpaese.info\/index.php\/2014\/11\/03\/anche-sel-fa-sentire-la-sua-voce\/","title":{"rendered":"Anche SEL fa sentire la sua voce"},"content":{"rendered":"<p><img loading=\"lazy\" decoding=\"async\" src=\"https:\/\/farm4.staticflickr.com\/3943\/15002741514_08821d2114_m.jpg\" width=\"161\" height=\"240\" alt=\"Fabrizio Resta Sel\" \/><\/p>\n<p style=\"text-align: justify;\">Il 25 Ottobre 2014 probabilmente sar\u00e0 ricordato come il primo passo versola III Repubblica.E&#8217; quasi un segno del destino che questo profondo sconvolgimento degli assetti politici italiani parta proprio da sinistra, la parte politica che meglio di altri aveva conservato una base ideologica nonostante le numerosi secessioni che hanno caratterizzato gli anni della &#8220;polverizzazione rossa&#8221;. Per passare alla III Repubblica bisognava prima abbatterla; Matteo Renzi ha fatto questo: si \u00e8 impossessato del Pd e l&#8217;ha poco alla volta smantellato, trasformandolo, inglobando gli uomini di Alfano, in un novello partito di centro, capace di racchiudere consensi sia a destra che a sinistra, circondandosi di una cerchia di industriali, manager e banchieri.<\/p>\n<p style=\"text-align: justify;\">Di fatto, sia a livello locale che nazionale, si \u00e8 gi\u00e0 creato un grande partito di centro che ha svuotato le altre formazioni politiche, diventando quasi un remake del partito unico nazionale del II dopoguerra. Se il nuovo Centro \u00e8 quasi pronto,la Sinistra(quella vera) ha emesso i suoi primi vagiti solo il 25 Ottobre, durante la manifestazione della Cgil.<\/p>\n<p style=\"text-align: justify;\">L&#8217;Italia del 25 Ottobre, formata da un milione di pensionati, di precari, di studenti e di immigrati \u00e8 una massa che chiede a gran voce un futuro, stanca di promesse e lo fa tramite il mezzo culturalmente pi\u00f9 prossimo alla Sinistra: la piazza. Quello stesso mezzo che qualcuno alla Leopolda vorrebbe mettere a tacere. Se questa sar\u00e0 la base della nuova Sinistra sar\u00e0 sicuramente un partito di lotta, capace di mobilitare le masse. Alla manifestazione c&#8217;erano in effetti proprio tutti: Pd, Sel, Prc, bandiere della lista Tsipras e persino i Verdi che marciavano in un&#8217;atmosfera di festa con le canzoni dei Modena City Ramblers come sottofondo e l&#8217;immancabile &#8220;Bella Ciao&#8221;.<\/p>\n<p style=\"text-align: justify;\">Quella che ha &#8220;invaso&#8221; Roma \u00e8 l\u2019Italia della gente comune, che difende i propri diritti a partire dall\u2019articolo 18, perch\u00e9 il posto fisso non diventi definitivamente una chimera irraggiungibile, perch\u00e9 le conquiste fatte non vengano spazzate via come gi\u00e0 sta succedendo a causa della legge Fornero e alla job-act, che hanno ridotto i diritti dei lavoratori ai minimi termini.<\/p>\n<p style=\"text-align: justify;\">&#8220;Una piazza non pu\u00f2 fermare un paese&#8221;, &#8220;Potrei ricordare chela Camusso\u00e8 eletta con tessere false&#8221; o ancora &#8220;la piazza di sabato scorso \u00e8 stata riempita con pullman pagati&#8221;sono state le reazioni al 25 Ottobre denotano uno sprezzo per la diversit\u00e0 d&#8217;opinione che non potr\u00e0 non far tremolare gli animi dell&#8217;elettorato della vera Sinistra. Dulcis in fundo, la vera deflagrazione \u00e8 arrivata Mercoled\u00ec con le botte della polizia agli operai della ThyssenKrupp di Terni arrivati nella capitale per raggiungere in corteo il ministero dello Sviluppo Economico. Se le polemiche possono essere aggirate, il pestaggio agli operai e a Landini no! La piazza non \u00e8 certo di buonumore: rabbia per i licenziamenti, per le tante vertenze in corso. E la situazione rischia di sfuggire di mano, come \u00e8 successo oggi.<\/p>\n<p align=\"right\" style=\"text-align: justify;\">IL coordinatore del circolo SEL di Turi<\/p>\n<p align=\"right\" style=\"text-align: justify;\">Fabrizio Resta<\/p>\n","protected":false},"excerpt":{"rendered":"<p><img loading=\"lazy\" decoding=\"async\" src=\"https:\/\/farm4.staticflickr.com\/3943\/15002741514_08821d2114_m.jpg\" width=\"161\" height=\"240\" alt=\"Fabrizio Resta Sel\" \/><\/p>\n","protected":false},"author":1,"featured_media":0,"comment_status":"open","ping_status":"closed","sticky":false,"template":"","format":"standard","meta":{"colormag_page_container_layout":"default_layout","colormag_page_sidebar_layout":"default_layout","footnotes":""},"categories":[4],"tags":[],"class_list":["post-12382","post","type-post","status-publish","format-standard","hentry","category-politica"],"_links":{"self":[{"href":"https:\/\/archivioturi.lavocedelpaese.info\/index.php\/wp-json\/wp\/v2\/posts\/12382","targetHints":{"allow":["GET"]}}],"collection":[{"href":"https:\/\/archivioturi.lavocedelpaese.info\/index.php\/wp-json\/wp\/v2\/posts"}],"about":[{"href":"https:\/\/archivioturi.lavocedelpaese.info\/index.php\/wp-json\/wp\/v2\/types\/post"}],"author":[{"embeddable":true,"href":"https:\/\/archivioturi.lavocedelpaese.info\/index.php\/wp-json\/wp\/v2\/users\/1"}],"replies":[{"embeddable":true,"href":"https:\/\/archivioturi.lavocedelpaese.info\/index.php\/wp-json\/wp\/v2\/comments?post=12382"}],"version-history":[{"count":0,"href":"https:\/\/archivioturi.lavocedelpaese.info\/index.php\/wp-json\/wp\/v2\/posts\/12382\/revisions"}],"wp:attachment":[{"href":"https:\/\/archivioturi.lavocedelpaese.info\/index.php\/wp-json\/wp\/v2\/media?parent=12382"}],"wp:term":[{"taxonomy":"category","embeddable":true,"href":"https:\/\/archivioturi.lavocedelpaese.info\/index.php\/wp-json\/wp\/v2\/categories?post=12382"},{"taxonomy":"post_tag","embeddable":true,"href":"https:\/\/archivioturi.lavocedelpaese.info\/index.php\/wp-json\/wp\/v2\/tags?post=12382"}],"curies":[{"name":"wp","href":"https:\/\/api.w.org\/{rel}","templated":true}]}}