{"id":12379,"date":"2014-11-05T09:21:05","date_gmt":"2014-11-05T09:21:05","guid":{"rendered":"https:\/\/archivioturi.lavocedelpaese.info\/index.php\/2014\/11\/05\/ostruzionismo\/"},"modified":"2014-11-05T09:21:05","modified_gmt":"2014-11-05T09:21:05","slug":"ostruzionismo","status":"publish","type":"post","link":"https:\/\/archivioturi.lavocedelpaese.info\/index.php\/2014\/11\/05\/ostruzionismo\/","title":{"rendered":"Ostruzionismo?"},"content":{"rendered":"<p><img loading=\"lazy\" decoding=\"async\" src=\"https:\/\/farm8.staticflickr.com\/7537\/15079106944_20d2afe576_n.jpg\" width=\"320\" height=\"246\" alt=\"20141028_123944\" \/><\/p>\n<p style=\"text-align: justify;\">Terminati gli interventi degli assessori, si entra nel vivo della discussione che porter\u00e0 il consiglio comunale fino al tardo pomeriggio.<\/p>\n<p style=\"text-align: justify;\">Durante il dibattito interviene frequentemente anche la direttrice di Ragioneria, la quale chiarisce svariati punti, pur sottolineando l\u2019opposizione la volont\u00e0 di avere risposte dalla parte politica. In questo contesto si ribadisce alla minoranza che sono in discussione e approvazione non i dati di gestione, pi\u00f9 volte richiamati, ma i dati di previsione. \u201cSe dobbiamo parlare di bilancio, va bene, ma se dobbiamo parlare di gestione, la discussione attiene ad un altro momento\u201d \u2013 ammonisce il Sindaco.<\/p>\n<p style=\"text-align: justify;\">Si fanno domande inerenti svariati punti, fino a quando non si arriva alla proposta di Mariangela Volpicella di leggere e analizzare punto per punto il bilancio di previsione, un\u2019opzione che non viene accettata dalla maggioranza, come sottolinea il capogruppo Leo Spada. Naturalmente in sala si genera un po\u2019 di scompiglio: \u201cSe \u00e8 un tentativo per ritardare questa situazione \u2013 commenta Coppi &#8211; &nbsp;mi sembra una perdita di tempo. C\u2019\u00e8 stato per tutti il tempo di guardare il bilancio\u201d, in quanto la documentazione era stata ricevuta da tutti 25 giorni prima. La Volpicella ribadisce che \u00e8 nei suoi diritti avere le dovute spiegazioni. La maggioranza fa dunque una controproposta, analizzare solo i punti pi\u00f9 particolari, tralasciando quelli scontati, ma la consigliera avverte: \u201cNon cambier\u00e0 nulla\u201d. Quindi si prende ad analizzare il bilancio quasi punto per punto: dall\u2019altra parte, la maggioranza decide di andare avanti ad oltranza, senza consentire la pausa pranzo. \u201cQui c\u2019\u00e8 un atteggiamento ostruzionistico che io non capisco\u201d afferma il Sindaco. Dopo svariate ore, si giunge alle dichiarazioni di voto. La Volpicella spiega le ragione della sua scelta e commenta: \u201cHo osservato con attenzione l\u2019andamento del Consiglio. La scelta di voler analizzare voce per voce nasceva dal fatto che da un\u2019analisi tecnica si fa anche una bella analisi politica. Ho ascoltato attentamente tutti gli interventi, di cui ho fatto le mie valutazioni in termini politici e personali. Devo dare atto che \u00e8 stato un consiglio abbastanza sereno, della preparazione dell\u2019ass. Tardi e soprattutto dell\u2019ass. Caldararo. Provo invece dispiacere nei confronti di chi non \u00e8 stato neanche in grado di rispondermi\u201d. Passa poi ai rimproveri, parla di una politica \u201clast minute\u201d: linee programmatiche approvate con due mesi di ritardo, il bilancio approvato in ritardo, la Tasi approvata l\u2019ultimo giorno utile, l\u2019Irpef non portato in discussione in consiglio comunale. Consiglia anche un rimpasto delle competenze perch\u00e9 vede consiglieri che si impegnano di pi\u00f9 di qualche assessore. Ripunta nuovamente il dito sulle tasse e accusa della mancanza di progettualit\u00e0 nel bilancio: \u201cSi \u00e8 fatta una politica basata principalmente sulle tasse, senza detrazioni per famiglie in difficolt\u00e0. Ho la sensazione che si sia pensato prima alle entrate, poi al modo di come spendere questi soldi. Da quello che leggo e da come \u00e8 stato previsto questo bilancio, c\u2019\u00e8 una scarsa analisi di quella che \u00e8 una progettualit\u00e0 per il territorio. Quando ho chiesto dei progetti, non mi avete saputo rispondere. Non si possono tassare i cittadini per delle entrate senza avere delle progettualit\u00e0 in uscita. Se non si ha un\u2019idea precisa di come spendere questi soldi, perch\u00e9 abbiamo tassato in questo modo i cittadini? Per questo motivo il nostro voto sar\u00e0 contrario\u201d. Un discorso simile viene tenuto anche da Sandro Laera. Leo Spada prende la parola e sguaina la spada: \u201cIo credo che una Giunta come la nostra non ci sia mai stata, la preparazione che i nostri assessori hanno in tantissimi anni non si \u00e8 mai vista. Sul fatto che qualcuno lavori e qualcun altro no, non \u00e8 assolutamente vero. Il bilancio lo ritengo ottimo. Da parte nostra non pu\u00f2 che esserci parere favorevole. Per quanto riguarda la progettualit\u00e0 che manca, non \u00e8 assolutamente vero. Le tasse non sono state messe per il gusto di metterle, siamo pieni di debiti che stiamo cercando di colmare\u201d. E finalmente si vota.<\/p>\n","protected":false},"excerpt":{"rendered":"<p><img loading=\"lazy\" decoding=\"async\" src=\"https:\/\/farm8.staticflickr.com\/7537\/15079106944_20d2afe576_n.jpg\" width=\"320\" height=\"246\" alt=\"20141028_123944\" \/><\/p>\n","protected":false},"author":1,"featured_media":0,"comment_status":"open","ping_status":"closed","sticky":false,"template":"","format":"standard","meta":{"colormag_page_container_layout":"default_layout","colormag_page_sidebar_layout":"default_layout","footnotes":""},"categories":[4],"tags":[],"class_list":["post-12379","post","type-post","status-publish","format-standard","hentry","category-politica"],"_links":{"self":[{"href":"https:\/\/archivioturi.lavocedelpaese.info\/index.php\/wp-json\/wp\/v2\/posts\/12379","targetHints":{"allow":["GET"]}}],"collection":[{"href":"https:\/\/archivioturi.lavocedelpaese.info\/index.php\/wp-json\/wp\/v2\/posts"}],"about":[{"href":"https:\/\/archivioturi.lavocedelpaese.info\/index.php\/wp-json\/wp\/v2\/types\/post"}],"author":[{"embeddable":true,"href":"https:\/\/archivioturi.lavocedelpaese.info\/index.php\/wp-json\/wp\/v2\/users\/1"}],"replies":[{"embeddable":true,"href":"https:\/\/archivioturi.lavocedelpaese.info\/index.php\/wp-json\/wp\/v2\/comments?post=12379"}],"version-history":[{"count":0,"href":"https:\/\/archivioturi.lavocedelpaese.info\/index.php\/wp-json\/wp\/v2\/posts\/12379\/revisions"}],"wp:attachment":[{"href":"https:\/\/archivioturi.lavocedelpaese.info\/index.php\/wp-json\/wp\/v2\/media?parent=12379"}],"wp:term":[{"taxonomy":"category","embeddable":true,"href":"https:\/\/archivioturi.lavocedelpaese.info\/index.php\/wp-json\/wp\/v2\/categories?post=12379"},{"taxonomy":"post_tag","embeddable":true,"href":"https:\/\/archivioturi.lavocedelpaese.info\/index.php\/wp-json\/wp\/v2\/tags?post=12379"}],"curies":[{"name":"wp","href":"https:\/\/api.w.org\/{rel}","templated":true}]}}