{"id":12348,"date":"2014-10-29T08:51:09","date_gmt":"2014-10-29T08:51:09","guid":{"rendered":"https:\/\/archivioturi.lavocedelpaese.info\/index.php\/2014\/10\/29\/caldararo-la-campagna-elettorale-e-da-tempo-finita\/"},"modified":"2014-10-29T08:51:09","modified_gmt":"2014-10-29T08:51:09","slug":"caldararo-la-campagna-elettorale-e-da-tempo-finita","status":"publish","type":"post","link":"https:\/\/archivioturi.lavocedelpaese.info\/index.php\/2014\/10\/29\/caldararo-la-campagna-elettorale-e-da-tempo-finita\/","title":{"rendered":"\u201cCaldararo, la campagna elettorale \u00e8 da tempo finita!\u201d"},"content":{"rendered":"<p><img loading=\"lazy\" decoding=\"async\" src=\"https:\/\/farm9.staticflickr.com\/8401\/8680421227_8603c5f4cc_n.jpg\" width=\"320\" height=\"213\" alt=\"Giovanni Settanni\" \/><\/p>\n<p style=\"text-align: justify;\">Ieri, durante il Consiglio Comunale il nostro Consigliere Comunale, Sandro Laera ha posto alcune domande precise all&#8217;assessore comunale alla Pubblica Istruzione sulla querelle dei mancati certificati di agibilit\u00e0 nei plessi scolastici turesi.<\/p>\n<p style=\"text-align: justify;\">Come al solito l&#8217;assessore con il suo solito modo saccente ha evaso le questioni poste dal consigliere Laera , facendo capire che lei \u00e8 neofita su queste faccende.<\/p>\n<p style=\"text-align: justify;\">Vogliamo ricordare ai turesi che l&#8217;assessore qualche anno addietro era la pi\u00f9 stretta collaboratrice del Dirigente della scuola Primaria, e, per colpa loro e della loro mancata volont\u00e0, abbiamo perso un finanziamento statale pari a pi\u00f9 di 300 mila euro.<\/p>\n<p style=\"text-align: justify;\">Sicuramente adesso l\u2019assessore ci risponder\u00e0 con il suo solito modo piccato, ma le vogliamo ricordare che ci sono i documenti che attestano le proprio responsabilit\u00e0!<\/p>\n<p style=\"text-align: justify;\">Assessore si ricorda di una riunione fiume finita a tarda notte del Consiglio d&#8217;Istituto?<\/p>\n<p style=\"text-align: justify;\">Se no, le daremo il resoconto!<\/p>\n<p style=\"text-align: justify;\">Con quei soldi forse avremmo cominciato a mettere a norma qualcosa!<\/p>\n<p style=\"text-align: justify;\">Fosse in lei finirei di andare sui giornali locali per inventarsi come &#8220;paladina&#8221;, la campagna elettorale \u00e8 finita da tempo!<\/p>\n<p style=\"text-align: justify;\">S\u2019impegni, invece, nel risolvere i tanti problemi organizzativi che attanagliano le nostre scuole!<\/p>\n<p style=\"text-align: justify;\">Ad oggi ,il turno prolungato alla Scuola Elementare deve ancora partire perch\u00e9 non si riesce ad attivare la mensa, servirebbero pochi lavori!<\/p>\n<p style=\"text-align: justify;\">Si diamo una mossa! Grazie, anche perch\u00e9 le tasse i turesi (i genitori) le stanno pagando!<\/p>\n<p align=\"right\" style=\"text-align: justify;\"><strong><em>Giovanni Settanni<\/em><\/strong><\/p>\n<p align=\"right\" style=\"text-align: justify;\"><strong><em>Fratelli d&#8217;Italia-Alleanza Nazionale<\/em><\/strong><\/p>\n","protected":false},"excerpt":{"rendered":"<p><img loading=\"lazy\" decoding=\"async\" src=\"https:\/\/farm9.staticflickr.com\/8401\/8680421227_8603c5f4cc_n.jpg\" width=\"320\" height=\"213\" alt=\"Giovanni Settanni\" \/><\/p>\n","protected":false},"author":1,"featured_media":0,"comment_status":"open","ping_status":"closed","sticky":false,"template":"","format":"standard","meta":{"colormag_page_container_layout":"default_layout","colormag_page_sidebar_layout":"default_layout","footnotes":""},"categories":[4],"tags":[],"class_list":["post-12348","post","type-post","status-publish","format-standard","hentry","category-politica"],"_links":{"self":[{"href":"https:\/\/archivioturi.lavocedelpaese.info\/index.php\/wp-json\/wp\/v2\/posts\/12348","targetHints":{"allow":["GET"]}}],"collection":[{"href":"https:\/\/archivioturi.lavocedelpaese.info\/index.php\/wp-json\/wp\/v2\/posts"}],"about":[{"href":"https:\/\/archivioturi.lavocedelpaese.info\/index.php\/wp-json\/wp\/v2\/types\/post"}],"author":[{"embeddable":true,"href":"https:\/\/archivioturi.lavocedelpaese.info\/index.php\/wp-json\/wp\/v2\/users\/1"}],"replies":[{"embeddable":true,"href":"https:\/\/archivioturi.lavocedelpaese.info\/index.php\/wp-json\/wp\/v2\/comments?post=12348"}],"version-history":[{"count":0,"href":"https:\/\/archivioturi.lavocedelpaese.info\/index.php\/wp-json\/wp\/v2\/posts\/12348\/revisions"}],"wp:attachment":[{"href":"https:\/\/archivioturi.lavocedelpaese.info\/index.php\/wp-json\/wp\/v2\/media?parent=12348"}],"wp:term":[{"taxonomy":"category","embeddable":true,"href":"https:\/\/archivioturi.lavocedelpaese.info\/index.php\/wp-json\/wp\/v2\/categories?post=12348"},{"taxonomy":"post_tag","embeddable":true,"href":"https:\/\/archivioturi.lavocedelpaese.info\/index.php\/wp-json\/wp\/v2\/tags?post=12348"}],"curies":[{"name":"wp","href":"https:\/\/api.w.org\/{rel}","templated":true}]}}