{"id":12346,"date":"2014-10-27T14:42:19","date_gmt":"2014-10-27T14:42:19","guid":{"rendered":"https:\/\/archivioturi.lavocedelpaese.info\/index.php\/2014\/10\/27\/nominati-i-nuovi-coordinatori-di-forza-italia\/"},"modified":"2014-10-27T14:42:19","modified_gmt":"2014-10-27T14:42:19","slug":"nominati-i-nuovi-coordinatori-di-forza-italia","status":"publish","type":"post","link":"https:\/\/archivioturi.lavocedelpaese.info\/index.php\/2014\/10\/27\/nominati-i-nuovi-coordinatori-di-forza-italia\/","title":{"rendered":"Nominati i nuovi coordinatori di Forza Italia"},"content":{"rendered":"<p><img loading=\"lazy\" decoding=\"async\" src=\"https:\/\/farm4.staticflickr.com\/3947\/15624413302_a7c1ef4508_n.jpg\" width=\"320\" height=\"239\" alt=\"nuovo direttivo FI\" \/><\/p>\n<p style=\"text-align: justify;\">Lo scorso 16 ottobre nella nuova sede cittadina del partito di Forza Italia in via Maggiore Orlandi gli aderenti, alla presenza del vice coordinatore provinciale, nonch\u00e8 consigliere comunale Mariangela Volpicella, a termine dell&#8217;assemblea, hanno nominato il proprio direttivo nelle persone di Angelo Palmisano come coordinatore cittadino e come vice coordinatori Sabrina Perfido e Domenico D&#8217;Aprile, quest&#8217;ultimo ricoprir\u00e0 anche il ruolo di responsabile dell&#8217;ufficio stampa.<\/p>\n<p style=\"text-align: justify;\">Queste le prime parole di Palmisano: &#8220;Sono estremamente onorato di ricoprire il ruolo di Coordinatore Cittadino di Forza Italia, ed \u00e8 doveroso da parte mia ringraziare tutti coloro che hanno riposto fiducia nella mia persona.<\/p>\n<p style=\"text-align: justify;\">Da oggi nasce il nuovo circolo cittadino di Forza Italia che avr\u00e0 l&#8217;arduo compito di creare una nuova classe politica pi\u00f9 snella e dinamica, che si interfacci con le problematiche del territorio, e che permetta a tutti coloro che hanno a cuore i valori del centrodestra di trovare una casa e delle persone con cui confrontarsi e dialogare a 360\u00b0. La sede \u00e8 ubicata in via Maggiore Orlandi e nei prossimi giorni la inaugureremo ufficialmente alla presenza del Coordinatore Provinciale Sen. Luigi Perrone e dei vice coordinatori provinciali Volpicella, Altieri, Camporeale e Damascelli.<\/p>\n<p style=\"text-align: justify;\">In questo nuovo percorso sar\u00f2 affiancato dai miei due vice coordinatori Domenico D&#8217;aprile e Sabrina Perfido e dal tesoriere Antonio Gasparro: insieme abbiamo il compito di traghettare il partito per raggiungere importanti obiettivi per la nostra amata Turi che insieme ci prefiggeremo; l\u2019auspicio \u00e8 quello di aggregare ed essere supportati da quante pi\u00f9 persone possibili, che abbiano a cuore il bene del nostro paese&#8221;.<\/p>\n<p style=\"text-align: justify;\">Gli fa eco Sabrina Perfido: &#8220;Ringrazio tutti gli aderenti del partito FI per avermi dato fiducia, appoggiandomi in questa nuova esperienza. Pertanto m\u2019impegner\u00f2 a svolgere con la massima dedizione il mio ruolo collaborando con gli altri componenti del partito, tutelando quelle che sono le problematiche e gli interessi del paese e dei turesi stessi.&#8221;<\/p>\n<p style=\"text-align: justify;\">Domenico D&#8217;Aprile commenta: &#8220;Credo che sia molto importante partecipare alla vita politico-amministrativa del proprio paese, sia se si ricopra un ruolo istituzionale o meno. Ritengo il partito elemento importante dove confrontarsi, fare proposte, approfondire tematiche, atti amministrativi anche interfacciandosi con i nostri attuali rappresentanti nella massima assise comunale Mariangela e Paolo (Volpicella e Tundo, n.d.r.). Vorrei che ci ispirassimo al concetto di De Gasperi che vedeva il partito come un&#8217;organizzazione non fine a se stessa ma di buona volont\u00e0 con un certo programma, un certo spirito che viene da concetti superiori a quelli che possono muovere la vita quotidiana&nbsp; ed \u00e8 al servizio di una causa. Da sempre moderato e coerente con le mie idee politiche ringrazio per la fiducia riposta nella mia persona, fiducia che mi spinge a lavorare nella direzione giusta per costruire qualcosa di importante e solido con l&#8217;apporto e il sostegno di tutti. Ho sempre creduto e credo molto nel mio paese Turi al quale ho sempre dimostrato di appartenere con fierezza. Bisogna lavorare sin da ora con la giusta e dovuta umilt\u00e0 e non arroganza.&#8221;<\/p>\n<p style=\"text-align: justify;\">Ecco le dichiarazione del vice coordinatore provinciale Volpicella: &#8220;In questi ultimi mesi, dopo le elezioni comunali, in qualit\u00e0 di vice coordinatrice provinciale di Forza Italia,&nbsp;ho avuto modo di coordinare provvisoriamente la Sezione turese; in questo periodo, come gi\u00e0 preannunciato \u00e8 stato avviato un percorso di riflessione condivisione, coinvolgimento,&nbsp; partecipazione e democrazia. Il lavoro svolto si \u00e8 concluso gioved\u00ec 16 Ottobre, quando ho ufficialmente consegnato la guida di Forza Italia di Turi al nuovo direttivo&nbsp; turese. Sono soddisfatta di come si \u00e8 concluso questo periodo di transizione e riflessione, infatti, il coordinamento \u00e8 stato voluto dalla maggioranza dei soci e soprattutto sono stati individuati dei giovani pieni di entusiasmo e con tanta voglia di fare. Quello che ci accomuna \u00e8 la passione per la politica, costituita da uomini e donne vicini ai cittadini, che si propongano di servirli al meglio. L\u2019obiettivo prossimo, sar\u00e0 quello di creare una rete solida sul territorio, volta al basso, che si concentri sulla gente, che guardi ai giovani e alle donne ma con lo sguardo ben fisso al futuro che abbiamo il dovere di migliorare. Il nuovo coordinamento dispone della mia massima fiducia, auguro loro buon lavoro e sono sicura che sapranno svolgere al meglio il compito e la fiducia che l\u2019assemblea dei soci gli ha assegnato. Per concludere rivolgo il mio invito a quelle donne, giovani e uomini che condividono i nostri ideali a partecipare attivamente alla vita della sezione di Forza Italia turese, voglio precisare che in&nbsp; questa nuova fase \u00e8 stata superata la concezione del \u201cvecchio partito politico\u201d, la nostra proposta \u00e8 aperta a tutti poich\u00e9 le scelte politiche, le problematiche e le proposte&nbsp; che interessano la nostra comunit\u00e0 devono avere la partecipazione&nbsp; e devono essere condivisi da tutti.&#8221;<\/p>\n","protected":false},"excerpt":{"rendered":"<p><img loading=\"lazy\" decoding=\"async\" src=\"https:\/\/farm4.staticflickr.com\/3947\/15624413302_a7c1ef4508_n.jpg\" width=\"320\" height=\"239\" alt=\"nuovo direttivo FI\" \/><\/p>\n","protected":false},"author":1,"featured_media":0,"comment_status":"open","ping_status":"closed","sticky":false,"template":"","format":"standard","meta":{"colormag_page_container_layout":"default_layout","colormag_page_sidebar_layout":"default_layout","footnotes":""},"categories":[4],"tags":[],"class_list":["post-12346","post","type-post","status-publish","format-standard","hentry","category-politica"],"_links":{"self":[{"href":"https:\/\/archivioturi.lavocedelpaese.info\/index.php\/wp-json\/wp\/v2\/posts\/12346","targetHints":{"allow":["GET"]}}],"collection":[{"href":"https:\/\/archivioturi.lavocedelpaese.info\/index.php\/wp-json\/wp\/v2\/posts"}],"about":[{"href":"https:\/\/archivioturi.lavocedelpaese.info\/index.php\/wp-json\/wp\/v2\/types\/post"}],"author":[{"embeddable":true,"href":"https:\/\/archivioturi.lavocedelpaese.info\/index.php\/wp-json\/wp\/v2\/users\/1"}],"replies":[{"embeddable":true,"href":"https:\/\/archivioturi.lavocedelpaese.info\/index.php\/wp-json\/wp\/v2\/comments?post=12346"}],"version-history":[{"count":0,"href":"https:\/\/archivioturi.lavocedelpaese.info\/index.php\/wp-json\/wp\/v2\/posts\/12346\/revisions"}],"wp:attachment":[{"href":"https:\/\/archivioturi.lavocedelpaese.info\/index.php\/wp-json\/wp\/v2\/media?parent=12346"}],"wp:term":[{"taxonomy":"category","embeddable":true,"href":"https:\/\/archivioturi.lavocedelpaese.info\/index.php\/wp-json\/wp\/v2\/categories?post=12346"},{"taxonomy":"post_tag","embeddable":true,"href":"https:\/\/archivioturi.lavocedelpaese.info\/index.php\/wp-json\/wp\/v2\/tags?post=12346"}],"curies":[{"name":"wp","href":"https:\/\/api.w.org\/{rel}","templated":true}]}}