{"id":12337,"date":"2014-10-21T10:25:42","date_gmt":"2014-10-21T10:25:42","guid":{"rendered":"https:\/\/archivioturi.lavocedelpaese.info\/index.php\/2014\/10\/21\/elezioni-del-consiglio-metropolitano-per-il-pd-oltre-ogni-rosea-aspettativa\/"},"modified":"2014-10-21T10:25:42","modified_gmt":"2014-10-21T10:25:42","slug":"elezioni-del-consiglio-metropolitano-per-il-pd-oltre-ogni-rosea-aspettativa","status":"publish","type":"post","link":"https:\/\/archivioturi.lavocedelpaese.info\/index.php\/2014\/10\/21\/elezioni-del-consiglio-metropolitano-per-il-pd-oltre-ogni-rosea-aspettativa\/","title":{"rendered":"Elezioni del Consiglio Metropolitano: per il PD oltre ogni rosea aspettativa"},"content":{"rendered":"<p><img loading=\"lazy\" decoding=\"async\" src=\"https:\/\/farm4.staticflickr.com\/3944\/15395296377_b7923953c2_n.jpg\" alt=\"Saverio Campanella\" width=\"320\" height=\"214\" \/><\/p>\n<p><img loading=\"lazy\" decoding=\"async\" style=\"margin-top: 10px; margin-bottom: 10px; margin-left: 10px; float: right;\" src=\"https:\/\/farm4.staticflickr.com\/3939\/14960577674_47b126c284_n.jpg\" alt=\"Il sindaco Menino Coppi\" width=\"299\" height=\"320\" \/><\/p>\n<p style=\"text-align: justify;\">Ma cosa ne pensa il PD di Turi dei risultati elettorali del Consiglio Metropolitano? Lo chiediamo ad alcuni dei suoi esponenti di rilievo. Il primo a commentare con soddisfazione \u00e8 il <strong>sindaco Menino Coppi<\/strong>: \u201cQuesto \u00e8 un momento molto favorevole per il PD. Sono molto felice di questo risultato seppure fosse abbastanza prevedibile, avendo il partito la maggioranza nella citt\u00e0 di Bari. Seppur in questi termini, \u00e8 stato comunque un buon risultato, che ritengo significativo, considerando che sono stati eletti anche diversi rappresentanti della Provincia, sindaci e consiglieri: questo \u00e8 un fatto importante, che potr\u00e0 mitigare un po\u2019 il timore di essere inglobati e che ci dar\u00e0 la possibilit\u00e0 di dire la nostra e, nella nostra autonomia, stare dentro un sistema quale \u00e8 quello della Citt\u00e0 Metropolitana\u201d. Stesso entusiasmo viene manifestato dal <strong>commissario Saverio Campanella<\/strong>: \u201cSono molto contento sia per come si \u00e8 mobilitato il territorio, sia per il risultato. Ho solo un piccolo dispiacere, che per circa 200 voti non \u00e8 scattato l\u2019undicesimo eletto, Michele Laporta, persona seria, di grandissimo spessore, che avrebbe potuto portare un grandissimo contributo. La battaglia \u00e8 stata comunque bella e interessante. Ci aspettavamo questo risultato perch\u00e9 noi siamo un partito, non degli improvvisati, siamo persone che hanno partecipato in tutto il territorio, cercando di dare rappresentanza a tutti gli \u201cangoli\u201d. Si sono susseguiti una serie di incontri, riunioni, \u00e8 stata una bella avventura e spero che le aspettative non vengano deluse. \u00c8 un momento di passaggio e quindi adesso tutti i cittadini ci aspettano alla \u201cprova del nove\u201d. <img loading=\"lazy\" decoding=\"async\" style=\"margin-top: 10px; margin-right: 10px; margin-bottom: 10px; float: left;\" src=\"https:\/\/farm4.staticflickr.com\/3866\/15351688572_803a65a499_n.jpg\" alt=\"Arianna Gasparro\" width=\"320\" height=\"213\" \/>Come primo passo, ci sar\u00e0 da approvare lo Statuto, che non sar\u00e0 una cosa semplice\u201d. Commenta positivamente anche il <strong>consigliere PD Arianna Gasparro<\/strong>: &nbsp;\u201cIl risultato delle elezioni del Consiglio Metropolitano va ben oltre le mie pi\u00f9 rosee aspettative. Turi, nonostante non avesse alcun candidato in lista, \u00e8 stata determinante per l\u2019elezione di rappresentanti che da oggi sono punti di riferimento per il nostro paese. Come circolo di Turi, stiamo costruendo una rete grazie al lavoro del commissario Saverio Campanella, e all\u2019interesse costante di Michele Emiliano. Sono certa che questo lavoro si concretizzer\u00e0 e diventer\u00e0 pi\u00f9 evidente dopo il congresso locale\u201d.<\/p>\n","protected":false},"excerpt":{"rendered":"<p><img loading=\"lazy\" decoding=\"async\" src=\"https:\/\/farm4.staticflickr.com\/3944\/15395296377_b7923953c2_n.jpg\" alt=\"Saverio Campanella\" width=\"320\" height=\"214\" \/><\/p>\n","protected":false},"author":1,"featured_media":0,"comment_status":"open","ping_status":"closed","sticky":false,"template":"","format":"standard","meta":{"colormag_page_container_layout":"default_layout","colormag_page_sidebar_layout":"default_layout","footnotes":""},"categories":[4],"tags":[],"class_list":["post-12337","post","type-post","status-publish","format-standard","hentry","category-politica"],"_links":{"self":[{"href":"https:\/\/archivioturi.lavocedelpaese.info\/index.php\/wp-json\/wp\/v2\/posts\/12337","targetHints":{"allow":["GET"]}}],"collection":[{"href":"https:\/\/archivioturi.lavocedelpaese.info\/index.php\/wp-json\/wp\/v2\/posts"}],"about":[{"href":"https:\/\/archivioturi.lavocedelpaese.info\/index.php\/wp-json\/wp\/v2\/types\/post"}],"author":[{"embeddable":true,"href":"https:\/\/archivioturi.lavocedelpaese.info\/index.php\/wp-json\/wp\/v2\/users\/1"}],"replies":[{"embeddable":true,"href":"https:\/\/archivioturi.lavocedelpaese.info\/index.php\/wp-json\/wp\/v2\/comments?post=12337"}],"version-history":[{"count":0,"href":"https:\/\/archivioturi.lavocedelpaese.info\/index.php\/wp-json\/wp\/v2\/posts\/12337\/revisions"}],"wp:attachment":[{"href":"https:\/\/archivioturi.lavocedelpaese.info\/index.php\/wp-json\/wp\/v2\/media?parent=12337"}],"wp:term":[{"taxonomy":"category","embeddable":true,"href":"https:\/\/archivioturi.lavocedelpaese.info\/index.php\/wp-json\/wp\/v2\/categories?post=12337"},{"taxonomy":"post_tag","embeddable":true,"href":"https:\/\/archivioturi.lavocedelpaese.info\/index.php\/wp-json\/wp\/v2\/tags?post=12337"}],"curies":[{"name":"wp","href":"https:\/\/api.w.org\/{rel}","templated":true}]}}