{"id":12330,"date":"2014-10-20T06:04:20","date_gmt":"2014-10-20T06:04:20","guid":{"rendered":"https:\/\/archivioturi.lavocedelpaese.info\/index.php\/2014\/10\/20\/ce-la-stiamo-mettendo-tutta\/"},"modified":"2014-10-20T06:04:20","modified_gmt":"2014-10-20T06:04:20","slug":"ce-la-stiamo-mettendo-tutta","status":"publish","type":"post","link":"https:\/\/archivioturi.lavocedelpaese.info\/index.php\/2014\/10\/20\/ce-la-stiamo-mettendo-tutta\/","title":{"rendered":"Ce la stiamo mettendo tutta"},"content":{"rendered":"<p><img loading=\"lazy\" decoding=\"async\" src=\"https:\/\/farm6.staticflickr.com\/5616\/15540305096_457fb3611c_n.jpg\" width=\"320\" height=\"212\" alt=\"comizio sindaco\" \/><\/p>\n<p style=\"text-align: justify;\">Sono circa le 18.15 quando la musica in piazza Silvio Orlandi viene interrotta e il sindaco Menino Coppi, accompagnato dal vicesindaco Lavinia Orlando e dal capogruppo di maggioranza Leo Spada, sale su un palchetto montato per l\u2019occasione, pronto a dare un resoconto dell\u2019operato di questi primi quattro mesi della sua giovane Amministrazione. Breve e conciso, a volte critico e pungente, il Sindaco si toglie anche qualche \u201csassolino dalla scarpa\u201d, in merito a vicende che hanno visto la sua maggioranza alla ribalta della cronaca locale.<\/p>\n<p style=\"text-align: justify;\"><strong>Le due sentenze del Tar<\/strong>. Ed \u00e8 proprio da due sentenze del Tar, riguardanti i ricorsi presentati da Tateo ed Elefante, che Menino Coppi inizia a parlare alla cittadinanza: \u201cQuesto \u00e8 un sabato sera particolare, perch\u00e9 due giorni fa due sentenze del TAR hanno spazzato il campo da illazioni che per tutta la campagna elettorale e in questi quattro mesi i nostri avversari hanno messo in campo\u201d. Ed in un breve sfogo colmo della soddisfazione di chi assapora la vittoria, il Sindaco rivendica con orgoglio la sua carica a tutti gli effetti: \u201cOltre all\u2019investitura popolare abbiamo anche la legittimazione del TAR, quindi io, da questa sera mi sento figlio legittimo\u201d. Non vengono dimenticati gli avversati politici, i quali non riuscendo ad \u201cingoiare la sconfitta\u201d, avrebbero \u201cmesso in piedi delle illazioni, tentato la spallata, cercato di capovolgere il risultato elettorale\u201d. Infine conclude: \u201cIl Comune di Turi non \u00e8 stato costituito come parte civile per non far spendere i soldi, abbiamo pagato di tasca nostra gli avvocati che ci hanno difeso. Questo \u00e8 un segnale di come noi vediamo la cosa pubblica. Ora siamo pi\u00f9 che soddisfatti di questa situazione. Noi ci sentiamo assolutamente legittimati e per questo siamo molto felici\u201d.<\/p>\n<p style=\"text-align: justify;\"><strong>Questione Lenato<\/strong>. Dure sono le parole nei confronti degli avversari politici anche quando accenna alla \u201cquestione Vito Lenato\u201d: \u201cHanno cominciato con un attacco straordinario e bestiale contro un nostro assessore che con dignit\u00e0 e per grande dignit\u00e0 personale si \u00e8 dimesso da assessore e da consigliere, pur non avendo a suo carico assolutamente nulla. Io lo ringrazio ancora per l\u2019atteggiamento che ha avuto, perch\u00e9 ha voluto sgombrare il campo e non offrire il fianco a persone che evidentemente non hanno la capacit\u00e0 di confrontarsi politicamente. Hanno solo veleno e conflitto. Hanno solo una capacit\u00e0 distruttiva. Io credo che le battaglie vadano fatte, si vincono e si perdono, ma alla fine bisogna prendere atto del risultato ed andare avanti\u201d.<\/p>\n<p style=\"text-align: justify;\"><strong>La macchina amministrativa carente<\/strong>. Il Sindaco passa poi a parlare della \u201cdifficile situazione economica\u201d in cui \u00e8 stato trovato il Comune, del bilancio fatto dal Commissario \u201cridotto all\u2019osso\u201d, nonch\u00e9 di \u201cun\u2019organizzazione della macchina amministrativa assolutamente carente\u201d. Racconta che da anni manca per i corridoi comunali un responsabile del settore economico finanziario, spiega come l\u2019ufficio tecnico sia composto solo da un ingegnere e un impiegato, lamenta una \u201cstruttura inadeguata per poter amministrare al meglio\u201d. \u201cSiamo in una situazione di inefficienza anche per mancanza di figure apicali\u201d \u2013 afferma, ma poi aggiunge \u2013 \u201cper giustizia bisogna dire che ci sono delle persone che lavorano tantissimo e benissimo, dobbiamo distinguere, ci sono alcuni che lavorano e altri che non lavorano, alcuni che sono capaci, altri no.&nbsp; La cosa essenziale \u00e8 che noi interverremo per motivare, per tirare su le risorse, ma \u00e8 assolutamente necessario rinforzare alcuni settori\u201d. Non manca anche qui un rimprovero agli avversari che lo hanno preceduto: \u201cE voi che cosa stavate facendo? Quali erano le vostre priorit\u00e0? Perch\u00e9 non \u00e8 stato fatto prima il bando di mobilit\u00e0 per il funzionario di ragioneria?\u201d \u2013 domanda a gran voce.&nbsp;<\/p>\n<p style=\"text-align: justify;\"><strong>Quanto \u00e8 stato fatto nei primi mesi dell\u2019Amministrazione Coppi.<\/strong> Le parole del Sindaco passano poi a riassumere quanto \u00e8 stato fatto dalla giovane Amministrazione nei suoi primi mesi di vita: l\u2019approvazione del regolamento sulle attivit\u00e0 del centro storico, che favorisce gli esercizi commerciali presenti in quest\u2019area con agevolazioni fiscali e che era stato proposto dalla precedente Amministrazione, ma voluto anche dalla nuova, con l\u2019obiettivo di rivalutare il centro storico. Neanche in questo caso il Sindaco perde l\u2019occasione per ammonire: \u201cSe una cosa \u00e8 buona, anche se fatta dalla precedente Amministrazione, noi la votiamo. Noi non siamo preconcetti, noi non siamo ideologici, noi siamo pragmatici, cari avversari, non siamo come voi che per ben due volte avete cestinato dei piani regolatori solo perch\u00e9 erano stati fatti dalle amministrazioni precedenti. Questa \u00e8 la verit\u00e0, questa \u00e8 la differenza. \u00c8 il bene di Turi che viene prima di tutto, non il bene della bandiera che portate\u201d. Vengono ricordati lavori di \u201cdecoro urbano\u201d messi a punto dalla sua maggioranza, riguardanti ad esempio la Villa, la fontana, piazza Venusio e l\u2019isola pedonale.<\/p>\n<p style=\"text-align: justify;\"><strong>La Tasi.<\/strong> Il discorso si fa effervescente quando Coppi passa a parlare di tasse: \u201cNon \u00e8 vero che la Tasi \u00e8 stata messa al massimo, perch\u00e9 il massimo \u00e8 il 3,3 per mille, non il 2,5\u201d \u2013 precisa in maniera ferma, spiegando cosa sia questa imposta e perch\u00e9 vada pagata. E neppure in questo caso manca la frecciatina a chi era al suo posto un anno fa: \u201cLa situazione del nostro bilancio \u00e8 particolare. Qui dovrebbero esserci quelli di prima. Loro l\u2019anno scorso non sono stati capaci di fare il bilancio perch\u00e9 avevano difficolt\u00e0 e non hanno avuto la responsabilit\u00e0 di prendere una decisione. Noi la responsabilit\u00e0 ce la prendiamo anche quando purtroppo ci sono delle decisioni che non sono proprio popolari, perch\u00e9 noi la faccia ce la mettiamo. Questa \u00e8 la differenza\u201d. Infine il sindaco rassicura che si lavorer\u00e0 per ridurre queste aliquote, cos\u00ec come la spesa pubblica e gli sprechi.<\/p>\n<p style=\"text-align: justify;\"><strong>Oneri di urbanizzazione<\/strong>. Una piccola parentesi viene aperta anche sugli oneri di urbanizzazione e il Sindaco chiarisce le idee su cosa sia accaduto: \u201cAvendo costruito cos\u00ec tanto \u2013 spiega \u2013 ci sono state naturalmente delle entrate, il cui 50%, per legge, \u00e8 stato possibile metterlo sul bilancio corrente. Se si mette la met\u00e0 nel bilancio, poi non si hanno i soldi per fare urbanizzazione, quindi le strade, la fogna\u201d. Coppi conclude affermando che questo modus operandi va eliminato: \u201cNoi dobbiamo cambiare questo sistema, non \u00e8 pi\u00f9 possibile andare avanti cos\u00ec\u201d.<\/p>\n<p style=\"text-align: justify;\"><strong>Tari<\/strong>. Altro importante tema affrontato riguarda la tassa sui rifiuti: \u201cNoi non crediamo che ci sar\u00e0 una grande incidenza, soprattutto sulle famiglie; probabilmente questa sar\u00e0 maggiore per le attivit\u00e0 che producono pi\u00f9 immondizia, secondo il principio su cui si basa questa legge che chi produce pi\u00f9 rifiuti paga\u201d. In pratica una famiglia composta da due persone pagher\u00e0 meno di una costituita da tre; per nuclei famigliari di almeno cinque membri sono state previste delle riduzioni. In questa sede, il Sindaco accenna al contenzioso con la ditta Catucci a cui per dieci anni non \u00e8 stato pagato l\u2019adeguamento dei prezzi: si \u00e8 giunti ad una soluzione che prevede il pagamento da parte del Comune alla ditta di 530 mila euro, dilazionati in pi\u00f9 tranches. \u201cEra un aggiornamento prezzi assolutamente dovuto che le varie amministrazioni precedenti non avevano fatto. Bisogna lavorare per risanare il bilancio e avere basi solide per poter andare avanti\u201d.<\/p>\n<p style=\"text-align: justify;\"><strong>Indennit\u00e0 del sindaco<\/strong>. \u201cLa propaganda avversaria fa questo sillogismo: avete aumentato le tasse e il Sindaco si prende chiss\u00e0 quanto\u201d \u2013 inizia cos\u00ec Coppi, ricordando subito dopo che durante la campagna elettorale, lui stesso aveva ribadito pi\u00f9 volte che se fosse stato eletto sindaco avrebbe lasciato il suo lavoro per fare il sindaco a tempo pieno. \u201cSu questa base voi cittadini mi avete votato e ci avete votato\u201d. Non senza riferimenti velati, prosegue: \u201cNon \u00e8 possibile amministrare un paese facendo due lavori o pi\u00f9. L\u2019indennit\u00e0 al netto del sindaco \u00e8 di 1700 euro circa al mese, ben al di sotto di ci\u00f2 che guadagnavo con il mio lavoro. Ma io sono contento cos\u00ec perch\u00e9 il pi\u00f9 grande onore che ho \u00e8 fare il sindaco di questo paese\u201d. A questo punto un forte applauso si leva tra la folla. \u201c Ai miei avversari dico: Ma qualche altro argomento? Non avete proprio di che parlare? Discutiamo dei problemi seri di Turi. Per favore uscite dal populismo becero\u201d.<\/p>\n<p style=\"text-align: justify;\"><strong>Cosa \u00e8 previsto nei prossimi giorni<\/strong>. Il discorso del sindaco si avvia alla conclusione con un elenco di lavori che stanno avendo luogo o che vedranno la luce nei prossimi giorni, non tutti merito o \u201cdemerito\u201d di questa Amministrazione: i lavori al municipio per l\u2019efficientamento energetico, al cinema Zaccheo, sono stati conclusi i lavori all\u2019ex ospedale dove \u00e8 stato realizzato un giardino (in cui, aggiunge il Sindaco, manca l\u2019illuminazione). Nei prossimi mesi si aprir\u00e0 il centro diurno per ragazzi, poi il centro diurno per disabili. \u00c8 gi\u00e0 pronto il progetto per il cimitero, riguardante la parte che sta crollando, che nei prossimi giorni passer\u00e0 in Giunta. \u00c8 prevista a breve la ripavimentazione del centro storico e verranno asfaltate alcune strade del centro abitato che non lo sono ancora. Grazie alla collaborazione della Provincia, via Noci si allargher\u00e0 fino ai Pozzi di Don Ciccio. Sulla circonvallazione tra via Castellana e via Conversano si stanno valutando soluzioni alternative con la Regione, poich\u00e9 il tracciato precedente non era stato ritenuto adeguato.<\/p>\n<p style=\"text-align: justify;\"><strong>Il saluto del Sindaco<\/strong>. Giunto al termine del suo discorso, il Sindaco saluta tutti i cittadini con la promessa di tornare regolarmente in piazza ad informare i turesi sulle attivit\u00e0 della sua maggioranza: \u201cTorneremo nei prossimi mesi per dirvi cosa stiamo facendo. Ce la stiamo mettendo tutta\u201d.<\/p>\n","protected":false},"excerpt":{"rendered":"<p><img loading=\"lazy\" decoding=\"async\" src=\"https:\/\/farm6.staticflickr.com\/5616\/15540305096_457fb3611c_n.jpg\" width=\"320\" height=\"212\" alt=\"comizio sindaco\" \/><\/p>\n","protected":false},"author":1,"featured_media":0,"comment_status":"open","ping_status":"closed","sticky":false,"template":"","format":"standard","meta":{"colormag_page_container_layout":"default_layout","colormag_page_sidebar_layout":"default_layout","footnotes":""},"categories":[4],"tags":[],"class_list":["post-12330","post","type-post","status-publish","format-standard","hentry","category-politica"],"_links":{"self":[{"href":"https:\/\/archivioturi.lavocedelpaese.info\/index.php\/wp-json\/wp\/v2\/posts\/12330","targetHints":{"allow":["GET"]}}],"collection":[{"href":"https:\/\/archivioturi.lavocedelpaese.info\/index.php\/wp-json\/wp\/v2\/posts"}],"about":[{"href":"https:\/\/archivioturi.lavocedelpaese.info\/index.php\/wp-json\/wp\/v2\/types\/post"}],"author":[{"embeddable":true,"href":"https:\/\/archivioturi.lavocedelpaese.info\/index.php\/wp-json\/wp\/v2\/users\/1"}],"replies":[{"embeddable":true,"href":"https:\/\/archivioturi.lavocedelpaese.info\/index.php\/wp-json\/wp\/v2\/comments?post=12330"}],"version-history":[{"count":0,"href":"https:\/\/archivioturi.lavocedelpaese.info\/index.php\/wp-json\/wp\/v2\/posts\/12330\/revisions"}],"wp:attachment":[{"href":"https:\/\/archivioturi.lavocedelpaese.info\/index.php\/wp-json\/wp\/v2\/media?parent=12330"}],"wp:term":[{"taxonomy":"category","embeddable":true,"href":"https:\/\/archivioturi.lavocedelpaese.info\/index.php\/wp-json\/wp\/v2\/categories?post=12330"},{"taxonomy":"post_tag","embeddable":true,"href":"https:\/\/archivioturi.lavocedelpaese.info\/index.php\/wp-json\/wp\/v2\/tags?post=12330"}],"curies":[{"name":"wp","href":"https:\/\/api.w.org\/{rel}","templated":true}]}}