{"id":12324,"date":"2014-10-20T12:44:23","date_gmt":"2014-10-20T12:44:23","guid":{"rendered":"https:\/\/archivioturi.lavocedelpaese.info\/index.php\/2014\/10\/20\/mostra-di-presepi-artistici-si-cerca-un-locale\/"},"modified":"2014-10-20T12:44:23","modified_gmt":"2014-10-20T12:44:23","slug":"mostra-di-presepi-artistici-si-cerca-un-locale","status":"publish","type":"post","link":"https:\/\/archivioturi.lavocedelpaese.info\/index.php\/2014\/10\/20\/mostra-di-presepi-artistici-si-cerca-un-locale\/","title":{"rendered":"Mostra di Presepi artistici: si cerca un locale!"},"content":{"rendered":"<p><img loading=\"lazy\" decoding=\"async\" src=\"https:\/\/farm4.staticflickr.com\/3942\/14943113874_b8d42882e5_n.jpg\" alt=\"L'inaugurazione dello scorso anno\" width=\"320\" height=\"240\" \/><\/p>\n<p style=\"text-align: justify;\">Nonostante le temperature siano ancora molto alte per il periodo, \u00e8 gi\u00e0 met\u00e0 ottobre, e per gli appassionati del periodo natalizio, \u00e8 gi\u00e0 iniziato il conto alla rovescia.<\/p>\n<p style=\"text-align: justify;\">Alberi addobbati, luci colorate, fiocchi, stelle, ornamenti e presepi allieteranno e arricchiranno a breve case e luoghi pubblici, creando quella magica atmosfera che solo quel periodo sa regalare.<\/p>\n<p style=\"text-align: justify;\">Da qualche anno, poi, anche Turi \u00e8 entrata nel percorso turistico natalizio, grazie non solo agli eventi per tutta la famiglia della Pro Loco, ma anche all\u2019Associazione \u201cI Vecchi tempi\u201d, che grazie alla maestria manuale, ha prima attirato curiosi ed appassionati presso il vecchio forno in via Addante, poi, dallo scorso anno, con la prima Mostra di arte presepiale, presso il Chiostro dei Francescani. <img loading=\"lazy\" decoding=\"async\" style=\"margin-top: 10px; margin-bottom: 10px; margin-left: 10px; float: right;\" src=\"https:\/\/farm4.staticflickr.com\/3955\/15563869505_1a05268a56_n.jpg\" alt=\"no did\" width=\"240\" height=\"320\" \/>Una mostra che ha chiamato a Turi non solo artisti dei paesi vicini, pronti a mostrare i propri presepi e la loro abilit\u00e0 e creativit\u00e0, ma anche numerosissimi appassionati che, in tutto il periodo di apertura, hanno visitato la mostra e apprezzato le realizzazioni di artigiani ed artisti.<\/p>\n<p style=\"text-align: justify;\">L\u2019Associazione \u201cI Vecchi tempi\u201d, anche quest\u2019anno ha mostrato la volont\u00e0 di creare la seconda edizione della Mostra Presepiale, raccogliendo gi\u00e0 le adesioni di tanti artisti che nel corso dell\u2019anno hanno lavorato alla realizzazione di sempre pi\u00f9 ricercati e particolareggiati presepi. Grande difficolt\u00e0, come ci raccontano i soci dell\u2019Associazione, \u00e8 capire dove poter realizzare questa mostra. \u201cServe un luogo idoneo per esporre i diversi presepi; un locale grande abbastanza e che ci permetta di poter aprire a tutti i visitatori nel periodo natalizio\u201d.<\/p>\n<p style=\"text-align: justify;\">Senza sponsor e con la sola forza di volont\u00e0 dei soci partecipanti, il grande lavoro di tutti si sta concentrando, gi\u00e0 da diverse settimane, nella ricerca di un locale adatto alla seconda Mostra di Presepi artistici. \u201cL\u2019appello \u2013 ci chiedono \u2013 \u00e8 che qualcuno, che sia un politico, un imprenditore, un cittadino, chiunque, che abbia un locale adatto per l\u2019occasione, nel centro storico o lungo le vie principali, ci possa dare la possibilit\u00e0 di esporre e realizzare la Mostra\u201d. Nella speranza che possa essere inaugurata anche la seconda Mostra di Presepi artistici, ci auguriamo che qualcuno risponda all\u2019appello dell\u2019associazione e che possa mettere a disposizione, per il periodo di Natale, un locale adatto ad accogliere i meravigliosi presepi.<\/p>\n","protected":false},"excerpt":{"rendered":"<p><img loading=\"lazy\" decoding=\"async\" src=\"https:\/\/farm4.staticflickr.com\/3942\/14943113874_b8d42882e5_n.jpg\" alt=\"L'inaugurazione dello scorso anno\" width=\"320\" height=\"240\" \/><\/p>\n","protected":false},"author":1,"featured_media":0,"comment_status":"open","ping_status":"closed","sticky":false,"template":"","format":"standard","meta":{"colormag_page_container_layout":"default_layout","colormag_page_sidebar_layout":"default_layout","footnotes":""},"categories":[7],"tags":[],"class_list":["post-12324","post","type-post","status-publish","format-standard","hentry","category-attualita"],"_links":{"self":[{"href":"https:\/\/archivioturi.lavocedelpaese.info\/index.php\/wp-json\/wp\/v2\/posts\/12324","targetHints":{"allow":["GET"]}}],"collection":[{"href":"https:\/\/archivioturi.lavocedelpaese.info\/index.php\/wp-json\/wp\/v2\/posts"}],"about":[{"href":"https:\/\/archivioturi.lavocedelpaese.info\/index.php\/wp-json\/wp\/v2\/types\/post"}],"author":[{"embeddable":true,"href":"https:\/\/archivioturi.lavocedelpaese.info\/index.php\/wp-json\/wp\/v2\/users\/1"}],"replies":[{"embeddable":true,"href":"https:\/\/archivioturi.lavocedelpaese.info\/index.php\/wp-json\/wp\/v2\/comments?post=12324"}],"version-history":[{"count":0,"href":"https:\/\/archivioturi.lavocedelpaese.info\/index.php\/wp-json\/wp\/v2\/posts\/12324\/revisions"}],"wp:attachment":[{"href":"https:\/\/archivioturi.lavocedelpaese.info\/index.php\/wp-json\/wp\/v2\/media?parent=12324"}],"wp:term":[{"taxonomy":"category","embeddable":true,"href":"https:\/\/archivioturi.lavocedelpaese.info\/index.php\/wp-json\/wp\/v2\/categories?post=12324"},{"taxonomy":"post_tag","embeddable":true,"href":"https:\/\/archivioturi.lavocedelpaese.info\/index.php\/wp-json\/wp\/v2\/tags?post=12324"}],"curies":[{"name":"wp","href":"https:\/\/api.w.org\/{rel}","templated":true}]}}