{"id":12302,"date":"2014-10-12T10:39:24","date_gmt":"2014-10-12T10:39:24","guid":{"rendered":"https:\/\/archivioturi.lavocedelpaese.info\/index.php\/2014\/10\/12\/lurlo-della-stupida-gallina\/"},"modified":"2014-10-12T10:39:24","modified_gmt":"2014-10-12T10:39:24","slug":"lurlo-della-stupida-gallina","status":"publish","type":"post","link":"https:\/\/archivioturi.lavocedelpaese.info\/index.php\/2014\/10\/12\/lurlo-della-stupida-gallina\/","title":{"rendered":"L\u2019urlo della \u201cstupida\u201d gallina"},"content":{"rendered":"<p><img loading=\"lazy\" decoding=\"async\" src=\"https:\/\/farm4.staticflickr.com\/3943\/15515339805_1986d04f9f_n.jpg\" width=\"320\" height=\"168\" alt=\"gallina4\" \/><\/p>\n<p style=\"text-align: justify;\">A fine carriera, gettate nei cassonetti. Intervento della Lega Nazionale per la Difesa del Cane<\/p>\n<p style=\"text-align: justify;\">Pu\u00f2 una gallina urlare? Forse no, ma quella trovata in un cassonetto dell\u2019immondizia di Turi, in provincia di Bari, gridava lo stesso, senza voce. Una povera gallina ovaiola di fine carriera, con il becco tagliato per non ferirsi con le consimili o mangiare le uova. Poi la cresta rossa, che rossa, senza avere mai visto il sole, non poteva essere.<\/p>\n<p style=\"text-align: justify;\">Chiusa, con una compagna trovata ormai morta, in un cassonetto. Pezza da gettare, perch\u00e8 usata.<\/p>\n<p style=\"text-align: justify;\">Ed invece quella gallina pativa tutta la sua sofferenza. Gettata nel sacchetto, come immondizia, non si era forse rassegnata alla fine di una vita passata in gabbie minuscole e sovraffollate. Quando i volontari della Lega Nazionale per la Difesa del Cane di Turi, si sono accorti di quel sacchetto nel corso del quotidiano sopralluogo per i randagi, non credevano ai propri occhi.<\/p>\n<p style=\"text-align: justify;\">\u201cQuanto vale una vita? \u2013 Si \u00e8 chiesto Gaetano Pirulli, responsabile della Lega Difesa del Cane di Turi &#8211; Queste galline hanno vissuto l\u2019inferno. Il becco tagliato per evitare che mangino le uova, accatastate in piccole gabbie, le zampe consumate dal ferro della gabbia\u201c.<\/p>\n<p style=\"text-align: justify;\">Appena aperto il sacco, quella la \u201cstupida\u201d gallina, cos\u00ec aggettivata da chi crede solo nella propria superiorit\u00e0, \u00e8 rimasta in silenzio, con gli occhi semichiusi e quel mezzo sguardo perso nel vuoto. Il mezzo becco (l\u2019altra met\u00e0 gli era stato spezzato da piccola) era aperto; il collo pian piano si \u00e8 allungato verso la vita che si riapriva nello squarcio del sacco. Dall\u2019altra parte c\u2019erano dei ragazzi increduli, che ora stanno facendo di tutto per poterla salvare.<\/p>\n<p style=\"text-align: justify;\">Chiss\u00e0 cosa deve avere pensato la \u201cstupida\u201d gallina. Torturata e salvata pur sempre da esseri umani, sebbene molto diversi da loro.<\/p>\n<p style=\"text-align: justify;\">Su di lei sono puntate le attenzioni dei volontari della Lega Difesa del Cane di Turi. \u201cVogliamo regalarle un bel giardino dove vivere in pace \u2013 riferisce a GeaPress Gaetano Pirulli \u2013 Prima, per\u00f2, dobbiamo riuscire a salvarla e questo, purtroppo, non \u00e8 affatto certo\u201c.<\/p>\n<p style=\"text-align: justify;\">La Gallina, con lo sguardo che esprime dignit\u00e0, \u00e8 ora ricoverata presso l\u2019ambulatorio Amici a 4 zampe di Acquaviva delle Fonti.<\/p>\n","protected":false},"excerpt":{"rendered":"<p><img loading=\"lazy\" decoding=\"async\" src=\"https:\/\/farm4.staticflickr.com\/3943\/15515339805_1986d04f9f_n.jpg\" width=\"320\" height=\"168\" alt=\"gallina4\" \/><\/p>\n","protected":false},"author":1,"featured_media":0,"comment_status":"open","ping_status":"closed","sticky":false,"template":"","format":"standard","meta":{"colormag_page_container_layout":"default_layout","colormag_page_sidebar_layout":"default_layout","footnotes":""},"categories":[7],"tags":[],"class_list":["post-12302","post","type-post","status-publish","format-standard","hentry","category-attualita"],"_links":{"self":[{"href":"https:\/\/archivioturi.lavocedelpaese.info\/index.php\/wp-json\/wp\/v2\/posts\/12302","targetHints":{"allow":["GET"]}}],"collection":[{"href":"https:\/\/archivioturi.lavocedelpaese.info\/index.php\/wp-json\/wp\/v2\/posts"}],"about":[{"href":"https:\/\/archivioturi.lavocedelpaese.info\/index.php\/wp-json\/wp\/v2\/types\/post"}],"author":[{"embeddable":true,"href":"https:\/\/archivioturi.lavocedelpaese.info\/index.php\/wp-json\/wp\/v2\/users\/1"}],"replies":[{"embeddable":true,"href":"https:\/\/archivioturi.lavocedelpaese.info\/index.php\/wp-json\/wp\/v2\/comments?post=12302"}],"version-history":[{"count":0,"href":"https:\/\/archivioturi.lavocedelpaese.info\/index.php\/wp-json\/wp\/v2\/posts\/12302\/revisions"}],"wp:attachment":[{"href":"https:\/\/archivioturi.lavocedelpaese.info\/index.php\/wp-json\/wp\/v2\/media?parent=12302"}],"wp:term":[{"taxonomy":"category","embeddable":true,"href":"https:\/\/archivioturi.lavocedelpaese.info\/index.php\/wp-json\/wp\/v2\/categories?post=12302"},{"taxonomy":"post_tag","embeddable":true,"href":"https:\/\/archivioturi.lavocedelpaese.info\/index.php\/wp-json\/wp\/v2\/tags?post=12302"}],"curies":[{"name":"wp","href":"https:\/\/api.w.org\/{rel}","templated":true}]}}