{"id":12301,"date":"2014-10-14T06:34:29","date_gmt":"2014-10-14T06:34:29","guid":{"rendered":"https:\/\/archivioturi.lavocedelpaese.info\/index.php\/2014\/10\/14\/tecnici-e-amministratori-al-tavolo\/"},"modified":"2014-10-14T06:34:29","modified_gmt":"2014-10-14T06:34:29","slug":"tecnici-e-amministratori-al-tavolo","status":"publish","type":"post","link":"https:\/\/archivioturi.lavocedelpaese.info\/index.php\/2014\/10\/14\/tecnici-e-amministratori-al-tavolo\/","title":{"rendered":"Tecnici e Amministratori al tavolo"},"content":{"rendered":"<p><img loading=\"lazy\" decoding=\"async\" src=\"https:\/\/farm3.staticflickr.com\/2945\/15328546620_d2b4a8ab6c_n.jpg\" width=\"320\" height=\"212\" alt=\"leo spada\" \/><\/p>\n<p style=\"text-align: justify;\">Gioved\u00ec pomeriggio, 9 ottobre, a Palazzo di Citt\u00e0 si \u00e8 riunita la Seconda Commissione Urbanistica, Lavori Pubblici, Assetto del Territorio, Commercio. Il presidente consigliere Leo Spada e i componenti hanno accolto, al tavolo tecnici e professionisti, geometri, architetti e ingegneri edili.<\/p>\n<p style=\"text-align: justify;\">La parte politica e i tecnici tenteranno un accordo per rivedere i valori venali dei nuovi suoli edificatori in base al PUG (Piano Urbanistico Generale).<\/p>\n<p style=\"text-align: justify;\">I tecnici propongono di: 1) rivalutare i terreni in funzione dei vecchi valori previsti dal vecchio Piano di Fabbricazione, adeguati agli indici Istat; 2) abbassare l\u2019aliquota Imu in funzione dei valori Istat. Per esempio, se dal 2003 a oggi si \u00e8 registrato un incremento del 22% in pi\u00f9, l\u2019aliquota Imu andrebbe riadeguata del 22% in meno rispetto all\u2019aliquota fissata al 7,6 x 1000. Naturalmente il vecchio Piano di Fabbricazione non prevedeva cos\u00ec tante aree differenti, invece previste dal PUG: (pensiamo alle aree C, F, B, A e a quelle aree che da B rientrano nella categoria A, perci\u00f2 inedificabili.<\/p>\n<p style=\"text-align: justify;\">La Commissione torner\u00e0 a riunirsi marted\u00ec 14 ottobre, alle ore 15. Saranno presenti anche l\u2019ingegnere Dibonaventura e la responsabile Settore Finanze Margherita Dalena, per cercare il definitivo accordo.<\/p>\n","protected":false},"excerpt":{"rendered":"<p><img loading=\"lazy\" decoding=\"async\" src=\"https:\/\/farm3.staticflickr.com\/2945\/15328546620_d2b4a8ab6c_n.jpg\" width=\"320\" height=\"212\" alt=\"leo spada\" \/><\/p>\n","protected":false},"author":1,"featured_media":0,"comment_status":"open","ping_status":"closed","sticky":false,"template":"","format":"standard","meta":{"colormag_page_container_layout":"default_layout","colormag_page_sidebar_layout":"default_layout","footnotes":""},"categories":[4],"tags":[],"class_list":["post-12301","post","type-post","status-publish","format-standard","hentry","category-politica"],"_links":{"self":[{"href":"https:\/\/archivioturi.lavocedelpaese.info\/index.php\/wp-json\/wp\/v2\/posts\/12301","targetHints":{"allow":["GET"]}}],"collection":[{"href":"https:\/\/archivioturi.lavocedelpaese.info\/index.php\/wp-json\/wp\/v2\/posts"}],"about":[{"href":"https:\/\/archivioturi.lavocedelpaese.info\/index.php\/wp-json\/wp\/v2\/types\/post"}],"author":[{"embeddable":true,"href":"https:\/\/archivioturi.lavocedelpaese.info\/index.php\/wp-json\/wp\/v2\/users\/1"}],"replies":[{"embeddable":true,"href":"https:\/\/archivioturi.lavocedelpaese.info\/index.php\/wp-json\/wp\/v2\/comments?post=12301"}],"version-history":[{"count":0,"href":"https:\/\/archivioturi.lavocedelpaese.info\/index.php\/wp-json\/wp\/v2\/posts\/12301\/revisions"}],"wp:attachment":[{"href":"https:\/\/archivioturi.lavocedelpaese.info\/index.php\/wp-json\/wp\/v2\/media?parent=12301"}],"wp:term":[{"taxonomy":"category","embeddable":true,"href":"https:\/\/archivioturi.lavocedelpaese.info\/index.php\/wp-json\/wp\/v2\/categories?post=12301"},{"taxonomy":"post_tag","embeddable":true,"href":"https:\/\/archivioturi.lavocedelpaese.info\/index.php\/wp-json\/wp\/v2\/tags?post=12301"}],"curies":[{"name":"wp","href":"https:\/\/api.w.org\/{rel}","templated":true}]}}