{"id":12300,"date":"2014-10-14T04:27:15","date_gmt":"2014-10-14T04:27:15","guid":{"rendered":"https:\/\/archivioturi.lavocedelpaese.info\/index.php\/2014\/10\/14\/turi-allexpo-2015-di-milano\/"},"modified":"2014-10-14T04:27:15","modified_gmt":"2014-10-14T04:27:15","slug":"turi-allexpo-2015-di-milano","status":"publish","type":"post","link":"https:\/\/archivioturi.lavocedelpaese.info\/index.php\/2014\/10\/14\/turi-allexpo-2015-di-milano\/","title":{"rendered":"Turi all\u2019Exp\u00f2 2015 di Milano"},"content":{"rendered":"<p><img loading=\"lazy\" decoding=\"async\" src=\"https:\/\/farm4.staticflickr.com\/3949\/15328642987_eff0775b73_n.jpg\" width=\"320\" height=\"180\" alt=\"01_Cover_Logo_1280x400_OK\" \/><\/p>\n<p style=\"text-align: justify;\">Anche Turi partecipa al progetto Cuoredipuglia \u201cverso Expo 2015?, un\u2019iniziativa che nasce dalla volont\u00e0 di 21 comuni della Puglia centrale, tra cui <strong>&nbsp;<\/strong>Acquaviva delle Fonti (capofila), Adelfia, Alberobello, Bitetto, &nbsp;Bitritto, Cassano Murge, Gioia del Colle e Putignano,<strong> <\/strong>al fine di rilanciare il territorio attraverso la scoperta delle migliori esperienze nel settore agroalientare. Il battesimo \u201cufficiale\u201d \u00e8 avvenuto il 25 luglio di quest\u2019anno nella sede dell\u2019Istituto Agronomico Mediterraneo-Ciheam, a Valenzano. \u201cUna \u201csanta alleanza\u201d tra comuni con una lunga storia legata all\u2019enogastronomia che mette al centro un paniere ricco di eccellenze: la mozzarella, il vino primitivo, l\u2019olio di oliva, l\u2019oliva termite, la mandorla, la cipolla rossa, il cece nero, l\u2019uva da tavola, le ciliegie, la cicoria. Su ognuno di questi prodotti \u2013 grazie anche al sostegno del marchio regionale \u201cProdotti di qualit\u00e0 Puglia\u201d \u2013 i comuni stanno gi\u00e0 avviando percorsi di valorizzazione di successo\u201d \u2013 si legge sul blog ufficiale del progetto cuoredipugliaexpo.wordpress.com. In cinque punti vengono riassunti gli obiettivi principali di questo percorso: promuovere campagne di sensibilizzazione verso una corretta alimentazione e verso un\u2019agricoltura sempre pi\u00f9 consapevole e orientata verso il biologico; coordinare iniziative comuni di marketing territoriale anche in vista di Expo 2015; raccordare il nostro territorio con altre aree del pianeta per aprirci a scambi e confronti sulle pratiche agricole e alimentari; diffondere sul territorio i principi di Expo 2015; condividere percorsi comuni sul territorio di valorizzazione delle proprie radici culturali. \u201cSi tratta di un\u2019iniziativa destinata diventare un\u2019unione di Comuni per promuovere i propri prodotti agroalimentari, legandoli al territorio \u2013 ci spiega il consigliere di maggioranza e delegato all\u2019agricoltura Antonello Palmisano \u2013. Si vuole proporre i propri prodotti alimentari invitando la gente non solo ad assaggiarli in fiera, quindi non solo come iniziativa promozionale, ma si intende chiudere il cerchio convincendo tutti i visitatori della fiera a venire in Puglia per poter assaporare queste eccellenze. Tutto questo perch\u00e9 quello che ci differenzia dagli altri non \u00e8 solo il prodotto agricolo e il magnifico contesto regionale in cui si sviluppa, ma \u00e8 anche il <em>know how<\/em>, cio\u00e8 le buone pratiche che noi mettiamo in essere, tutte le vecchie tradizioni agricole che continuano a persistere: insomma, noi vogliamo proporre l\u2019intero prodotto Puglia. A tal fine, ci siamo gi\u00e0 incontrati parecchie volte, l\u2019ultimo incontro si \u00e8 svolto il 1 ottobre, durante il quale abbiamo definito gli obiettivi di marketing e di comunicazioni, insomma, quelle che saranno le prossime mosse. Naturalmente Turi si presenter\u00e0 con le ciliegie, l\u2019uva e i percochi. Abbiamo poi messo a calendario una serie di eventi per coinvolgere anche la cittadinanza: saremo presenti il 10 ottobre alla Sagra dell\u2019Oliva a Sannicandro, il 13 ottobre in una conferenza stampa a Lecce, il 17 ottobre ad Acquaviva in occasione della Sagra del Calzone e il 18 ottobre all\u2019Exp\u00f2 di Lecce. Tutto questo dovr\u00e0 poi concretizzarsi con la partecipazione all\u2019evento fieristico di Milano, il quale si spera che non sia il traguardo. Ci siamo riproposti, infatti, che la nostra presenza all\u2019Exp\u00f2 non debba essere l\u2019ultimo obiettivo, bens\u00ec il primo. Ci tengo a sottolineare che siamo di fronte ad un\u2019iniziativa del tutto innovativa, perch\u00e9 non \u00e8 mai successo che dal basso i Comuni, sentite le esigenze dei produttori, si siano orgnizzati per rivalorizzare il territorio, creando questa vetrina\u201d.&nbsp;<\/p>\n","protected":false},"excerpt":{"rendered":"<p><img loading=\"lazy\" decoding=\"async\" src=\"https:\/\/farm4.staticflickr.com\/3949\/15328642987_eff0775b73_n.jpg\" width=\"320\" height=\"180\" alt=\"01_Cover_Logo_1280x400_OK\" \/><\/p>\n","protected":false},"author":1,"featured_media":0,"comment_status":"open","ping_status":"closed","sticky":false,"template":"","format":"standard","meta":{"colormag_page_container_layout":"default_layout","colormag_page_sidebar_layout":"default_layout","footnotes":""},"categories":[4],"tags":[],"class_list":["post-12300","post","type-post","status-publish","format-standard","hentry","category-politica"],"_links":{"self":[{"href":"https:\/\/archivioturi.lavocedelpaese.info\/index.php\/wp-json\/wp\/v2\/posts\/12300","targetHints":{"allow":["GET"]}}],"collection":[{"href":"https:\/\/archivioturi.lavocedelpaese.info\/index.php\/wp-json\/wp\/v2\/posts"}],"about":[{"href":"https:\/\/archivioturi.lavocedelpaese.info\/index.php\/wp-json\/wp\/v2\/types\/post"}],"author":[{"embeddable":true,"href":"https:\/\/archivioturi.lavocedelpaese.info\/index.php\/wp-json\/wp\/v2\/users\/1"}],"replies":[{"embeddable":true,"href":"https:\/\/archivioturi.lavocedelpaese.info\/index.php\/wp-json\/wp\/v2\/comments?post=12300"}],"version-history":[{"count":0,"href":"https:\/\/archivioturi.lavocedelpaese.info\/index.php\/wp-json\/wp\/v2\/posts\/12300\/revisions"}],"wp:attachment":[{"href":"https:\/\/archivioturi.lavocedelpaese.info\/index.php\/wp-json\/wp\/v2\/media?parent=12300"}],"wp:term":[{"taxonomy":"category","embeddable":true,"href":"https:\/\/archivioturi.lavocedelpaese.info\/index.php\/wp-json\/wp\/v2\/categories?post=12300"},{"taxonomy":"post_tag","embeddable":true,"href":"https:\/\/archivioturi.lavocedelpaese.info\/index.php\/wp-json\/wp\/v2\/tags?post=12300"}],"curies":[{"name":"wp","href":"https:\/\/api.w.org\/{rel}","templated":true}]}}