{"id":12265,"date":"2014-09-30T07:53:53","date_gmt":"2014-09-30T07:53:53","guid":{"rendered":"https:\/\/archivioturi.lavocedelpaese.info\/index.php\/2014\/09\/30\/michele-emiliano-a-turi-2\/"},"modified":"2014-09-30T07:53:53","modified_gmt":"2014-09-30T07:53:53","slug":"michele-emiliano-a-turi-2","status":"publish","type":"post","link":"https:\/\/archivioturi.lavocedelpaese.info\/index.php\/2014\/09\/30\/michele-emiliano-a-turi-2\/","title":{"rendered":"Michele Emiliano a Turi"},"content":{"rendered":"<p><img loading=\"lazy\" decoding=\"async\" src=\"https:\/\/farm4.staticflickr.com\/3847\/15391632092_1cd4496ca5_n.jpg\" width=\"320\" height=\"213\" alt=\"emiliano a Turi\" \/><\/p>\n<p style=\"text-align: justify;\">Turi metropolitana: un\u2019opportunit\u00e0 di sviluppo? Questo il titolo dell\u2019incontro sulla citt\u00e0 metropolitana che si \u00e8 tenuto lo scorso 22 settembre in sala consiliare. Organizzato dal circolo di Turi del Partito Democratico, fortemente voluto dal commissario Saverio Campanella, il convegno ha visto la partecipazione di Michele Emiliano, gi\u00e0 Sindaco di Bari, segretario regionale PD nonch\u00e9 candidato in pectore del centro sinistra alle prossime elezioni regionali. Emiliano era gi\u00e0 stato a Turi due volte in occasione dell\u2019anniversario della morte di Antonio Gramsci. In una sala consiliare gremita, ha introdotto il consigliere comunale Arianna Gasparro, che ha ringraziato Saverio Campanella, attuale commissario del circolo locale del PD, e ha illustrato le motivazioni della serata; a ridosso dalle elezioni del consiglio metropolitano e dalla entrata in vigore delle citt\u00e0 metropolitane, si tratta di un tema che si conosce ancora poco.<\/p>\n<p style=\"text-align: justify;\">A seguire, \u00e8 intervenuto il segretario provinciale del PD, Ubaldo Pagano, che ha illustrato in cosa consisteranno le strutture delle nascenti citt\u00e0 metropolitane: il Sindaco della citt\u00e0 metropolitana sar\u00e0 il Sindaco di Bari, Antonio Decaro. Lo affiancheranno la conferenza dei Sindaci, della quale faranno parte i 41 Sindaci delle citt\u00e0 dell\u2019area, tra cui il Sindaco di Turi Coppi, e un consiglio metropolitano, che vedr\u00e0 la presenza di 18 consiglieri, che saranno eletti dai Sindaci e dai consiglieri comunali dei paesi dell\u2019area il prossimo 12 ottobre. Pagano ha poi sottolineato quali potranno essere le opportunit\u00e0 di una struttura sovracomunale che abbia la possibilit\u00e0 di gestire fondi propri, in particolare nell\u2019ambito dei trasporti, della scuola, della pubblica sicurezza.<\/p>\n<p style=\"text-align: justify;\">Pagano si \u00e8 poi soffermato sul momento attuale del PD di Turi, periodo di crescita e di ricostruzione, e sulle passate elezioni. La parola \u00e8 poi passata al Sindaco di Turi Menino Coppi, che ha fatto gli onori di casa accogliendo Michele Emiliano, nel frattempo giunto in sala consiliare. Emiliano ha tenuto un lungo discorso, dedicando ad una platea attenta il meglio della sua arte oratoria. Ha espresso la propria idea, secondo la quale l\u2019area metropolitana sar\u00e0 una opportunit\u00e0 proprio per i paesi pi\u00f9 piccoli, ai quali Bari dovr\u00e0 dare conto,&nbsp; non potendo pi\u00f9, come \u00e8 accaduto in passato, prendere decisioni in autonomia riversando sull\u2019 hinterland i risvolti negativi delle sue politiche. Ha fatto un accenno alle elezioni regionali, auspicando che la Puglia non abbia pi\u00f9 \u201cGovernatori\u201d, ma \u201cun Sindaco di Puglia che si occupi di ognuno degli abitanti, di ognuno dei paesi\u201d.<\/p>\n<p style=\"text-align: justify;\">Non sono mancate dosi di ironia, soprattutto quando ha lanciato una frecciata al nostro consigliere regionale Boccardi \u201cIn tanti anni non ho mai sentito la voce di questo ragazzo\u2026&nbsp; quanto mi piacerebbe! Invitatelo nel PD, magari ritrova la passione per la politica!\u201d Ha fatto gli auguri di buon lavoro al neo Sindaco di Turi e alla giovane Giunta, sottolineando come la vittoria elettorale sia capitata in un momento storico di crisi e di preoccupazione per il futuro \u201cma sono convinto che questi occhi azzurri \u2013in riferimento a Menino, seduto accanto \u2013 hanno contribuito ad ottenere la necessaria fiducia.\u201d Infine, a Emiliano sono stati donati vino e faldacchee locali. \u201cIl Sindaco\u201d per eccellenza ha accettato tutto con un gran sorriso: \u201cNon ne avrei bisogno, ma ne sono molto contento!\u201d<\/p>\n","protected":false},"excerpt":{"rendered":"<p><img loading=\"lazy\" decoding=\"async\" src=\"https:\/\/farm4.staticflickr.com\/3847\/15391632092_1cd4496ca5_n.jpg\" width=\"320\" height=\"213\" alt=\"emiliano a Turi\" \/><\/p>\n","protected":false},"author":1,"featured_media":0,"comment_status":"open","ping_status":"closed","sticky":false,"template":"","format":"standard","meta":{"colormag_page_container_layout":"default_layout","colormag_page_sidebar_layout":"default_layout","footnotes":""},"categories":[4],"tags":[],"class_list":["post-12265","post","type-post","status-publish","format-standard","hentry","category-politica"],"_links":{"self":[{"href":"https:\/\/archivioturi.lavocedelpaese.info\/index.php\/wp-json\/wp\/v2\/posts\/12265","targetHints":{"allow":["GET"]}}],"collection":[{"href":"https:\/\/archivioturi.lavocedelpaese.info\/index.php\/wp-json\/wp\/v2\/posts"}],"about":[{"href":"https:\/\/archivioturi.lavocedelpaese.info\/index.php\/wp-json\/wp\/v2\/types\/post"}],"author":[{"embeddable":true,"href":"https:\/\/archivioturi.lavocedelpaese.info\/index.php\/wp-json\/wp\/v2\/users\/1"}],"replies":[{"embeddable":true,"href":"https:\/\/archivioturi.lavocedelpaese.info\/index.php\/wp-json\/wp\/v2\/comments?post=12265"}],"version-history":[{"count":0,"href":"https:\/\/archivioturi.lavocedelpaese.info\/index.php\/wp-json\/wp\/v2\/posts\/12265\/revisions"}],"wp:attachment":[{"href":"https:\/\/archivioturi.lavocedelpaese.info\/index.php\/wp-json\/wp\/v2\/media?parent=12265"}],"wp:term":[{"taxonomy":"category","embeddable":true,"href":"https:\/\/archivioturi.lavocedelpaese.info\/index.php\/wp-json\/wp\/v2\/categories?post=12265"},{"taxonomy":"post_tag","embeddable":true,"href":"https:\/\/archivioturi.lavocedelpaese.info\/index.php\/wp-json\/wp\/v2\/tags?post=12265"}],"curies":[{"name":"wp","href":"https:\/\/api.w.org\/{rel}","templated":true}]}}