{"id":12258,"date":"2014-09-29T16:07:38","date_gmt":"2014-09-29T16:07:38","guid":{"rendered":"https:\/\/archivioturi.lavocedelpaese.info\/index.php\/2014\/09\/29\/nuovi-membri-nella-protezione-civile\/"},"modified":"2014-09-29T16:07:38","modified_gmt":"2014-09-29T16:07:38","slug":"nuovi-membri-nella-protezione-civile","status":"publish","type":"post","link":"https:\/\/archivioturi.lavocedelpaese.info\/index.php\/2014\/09\/29\/nuovi-membri-nella-protezione-civile\/","title":{"rendered":"Nuovi membri nella Protezione Civile"},"content":{"rendered":"<p><img loading=\"lazy\" decoding=\"async\" src=\"https:\/\/farm3.staticflickr.com\/2943\/15164527777_10938f1e46_n.jpg\" width=\"320\" height=\"240\" alt=\"Il Gruppo Comunale della Protezione Civile di Turi\" \/><\/p>\n<p style=\"text-align: justify;\">In meno di nove mesi hanno realizzato 5624 ore di attivit\u00e0. Parliamo dei volontari del Gruppo Comunale di Protezione Civile di Turi che nella giornata del loro Santo protettore San Pio, il 23 settembre, hanno accolto nelle loro fila nove nuove unit\u00e0, pronte a scendere in campo e rispondere alle necessit\u00e0 che la cittadina richieder\u00e0.<\/p>\n<p style=\"text-align: justify;\">A ringraziarli del continuo e attento lavoro che svolgono quotidianamente, l\u2019Assessore alla Protezione Civile e Polizie locali, Gianvito Pedone, affiancato dal tenente della Polizia Municipale, Domenico Valentini.<\/p>\n<p style=\"text-align: justify;\">\u201cPrima conoscevo ben poco della vostra realt\u00e0, del vostro impegno e del grande lavoro che sta dietro e per questo mi impegner\u00f2 a far aprire una finestra sul sito comunale dedicata alla Protezione Civile\u201d \u2013 ha esordito l\u2019Assessore, elencando ed elogiando il lavoro che il Gruppo compie in maniera gratuita e professionale nella nostra comunit\u00e0. Sin dal suo esordio a Turi, per volont\u00e0 del suo coordinatore Vito Marco Di Pinto e altri 9 volontari, la Protezione Civile, oggi Gruppo Comunale sta raccogliendo sempre pi\u00f9 attenzione e stima. A sottolineare tutto questo, l\u2019assegnazione, in conferenza presso la sala Consiliare del Comune di Turi di nuovi tesserini a nove volontari, pronti a diventare i protagonisti di quella prevenzione che il Gruppo di Protezione Civile garantisce a Turi da circa quattro anni.<\/p>\n<p style=\"text-align: justify;\">Dalla viabilit\u00e0 scolastica, alle azioni di spegnimento incendi in diversi luoghi del nostro paese \u2013 per citarne uno, quello del 15 agosto scorso alle 13.15 presso il boschetto di Monteferraro, alle attivit\u00e0 durante le manifestazioni e incontri. Entusiasmo ed impegno, alla base del lavoro di ogni volontario, che, ricorda l\u2019Assessore \u2013 \u201cnon percepisce alcun compenso dall\u2019azione che svolge\u201d. \u201cUnico nostro impegno \u2013 quindi sottolinea \u2013 \u00e8 garantire il pagamento delle spese dei mezzi che occorrono al loro lavoro\u201d.<\/p>\n<p style=\"text-align: justify;\">Estendendo cos\u00ec i ringraziamenti al coordinatore Di Pinto, all\u2019ex Comandante della Polizia Municipale, dott. Michele Cassano e al tenente Valentini, per la continua collaborazione fra le parti, l\u2019Assessore ha elencato i nomi di tutti i volontari della Protezione Civile, consegnando infine i tesserini ai nuovi membri. Il grazie della comunit\u00e0 turese a Di Pinto Vito Marco Antonio, Angelillo Vito Stefano, Campanella Giuseppe, Cervellera Michele, Notarnicola Irene Monica, Salvatore Alessandro, Trombetta Michele, Scavo Vito, De Marco Maria, Maggiolini Vito, Ventrella Giovanni, Tauro Sante, Romanelli Antonio, Palmisano Mario, Palmisano Vincenzo, Gentile Felice, Lieggi Giovanni, Spada Patrizio, Saddi Luigi, Lonuzzo Francesco, Rizzi Giovanni, Petrera Donato Antonio, Spinelli Giuseppe, De Marco Piero, Lacidogna Gerardo.&nbsp;<\/p>\n<p><object width=\"640\" height=\"480\"><param name=\"flashvars\" value=\"offsite=true&amp;lang=it-it&amp;page_show_url=%2Fphotos%2F91470992%40N02%2Fsets%2F72157647602221597%2Fshow%2F&amp;page_show_back_url=%2Fphotos%2F91470992%40N02%2Fsets%2F72157647602221597%2F&amp;set_id=72157647602221597&amp;jump_to=\" \/><param name=\"movie\" value=\"https:\/\/www.flickr.com\/apps\/slideshow\/show.swf?v=1811922554\" \/><param name=\"allowFullScreen\" value=\"true\" \/><embed type=\"application\/x-shockwave-flash\" src=\"https:\/\/www.flickr.com\/apps\/slideshow\/show.swf?v=1811922554\" allowfullscreen=\"true\" flashvars=\"offsite=true&amp;lang=it-it&amp;page_show_url=%2Fphotos%2F91470992%40N02%2Fsets%2F72157647602221597%2Fshow%2F&amp;page_show_back_url=%2Fphotos%2F91470992%40N02%2Fsets%2F72157647602221597%2F&amp;set_id=72157647602221597&amp;jump_to=\" width=\"640\" height=\"480\" \/><\/object><\/p>\n","protected":false},"excerpt":{"rendered":"<p><img loading=\"lazy\" decoding=\"async\" src=\"https:\/\/farm3.staticflickr.com\/2943\/15164527777_10938f1e46_n.jpg\" width=\"320\" height=\"240\" alt=\"Il Gruppo Comunale della Protezione Civile di Turi\" \/><\/p>\n","protected":false},"author":1,"featured_media":0,"comment_status":"open","ping_status":"closed","sticky":false,"template":"","format":"standard","meta":{"colormag_page_container_layout":"default_layout","colormag_page_sidebar_layout":"default_layout","footnotes":""},"categories":[7],"tags":[],"class_list":["post-12258","post","type-post","status-publish","format-standard","hentry","category-attualita"],"_links":{"self":[{"href":"https:\/\/archivioturi.lavocedelpaese.info\/index.php\/wp-json\/wp\/v2\/posts\/12258","targetHints":{"allow":["GET"]}}],"collection":[{"href":"https:\/\/archivioturi.lavocedelpaese.info\/index.php\/wp-json\/wp\/v2\/posts"}],"about":[{"href":"https:\/\/archivioturi.lavocedelpaese.info\/index.php\/wp-json\/wp\/v2\/types\/post"}],"author":[{"embeddable":true,"href":"https:\/\/archivioturi.lavocedelpaese.info\/index.php\/wp-json\/wp\/v2\/users\/1"}],"replies":[{"embeddable":true,"href":"https:\/\/archivioturi.lavocedelpaese.info\/index.php\/wp-json\/wp\/v2\/comments?post=12258"}],"version-history":[{"count":0,"href":"https:\/\/archivioturi.lavocedelpaese.info\/index.php\/wp-json\/wp\/v2\/posts\/12258\/revisions"}],"wp:attachment":[{"href":"https:\/\/archivioturi.lavocedelpaese.info\/index.php\/wp-json\/wp\/v2\/media?parent=12258"}],"wp:term":[{"taxonomy":"category","embeddable":true,"href":"https:\/\/archivioturi.lavocedelpaese.info\/index.php\/wp-json\/wp\/v2\/categories?post=12258"},{"taxonomy":"post_tag","embeddable":true,"href":"https:\/\/archivioturi.lavocedelpaese.info\/index.php\/wp-json\/wp\/v2\/tags?post=12258"}],"curies":[{"name":"wp","href":"https:\/\/api.w.org\/{rel}","templated":true}]}}